{"id":956,"date":"2023-12-11T11:30:43","date_gmt":"2023-12-11T10:30:43","guid":{"rendered":"https:\/\/naszakrajna.org\/?p=956"},"modified":"2023-12-11T11:32:40","modified_gmt":"2023-12-11T10:32:40","slug":"powiatowa-wystawa-stolow-wigilijnych-2023","status":"publish","type":"post","link":"https:\/\/naszakrajna.org\/index.php\/2023\/12\/11\/powiatowa-wystawa-stolow-wigilijnych-2023\/","title":{"rendered":"Powiatowa Wystawa Sto\u0142\u00f3w Wigilijnych 2023"},"content":{"rendered":"\n<p class=\"wp-block-paragraph\">Stowarzyszenie NASZA KRAJNA, Starostwo Powiatowe w S\u0119p\u00f3lnie Kraje\u0144skim, Gmina Kamie\u0144 Kraje\u0144ski wsp\u00f3lnie z organizacjami dzia\u0142aj\u0105cymi na rzecz rolnictwa oraz Ko\u0142ami Gospody\u0144 Wiejskich zaprasza na \u201ePowiatow\u0105 Wystaw\u0119 Sto\u0142\u00f3w Wigilijnych\u201d. Prezentacja rozpocznie si\u0119 <strong>16 grudnia 2023 roku<\/strong> o godzinie <strong>11:00 w Hali Sportowej przy Zespole Szkolno-Przedszkolnym, ul. W. Witosa 12 w Kamieniu Kraje\u0144skim<\/strong>.<\/p>\n\n\n\n<p class=\"wp-block-paragraph\">Celem tego wydarzenia jest kultywowanie tradycji i zwyczaj\u00f3w zwi\u0105zanych z okresem \u015awi\u0105t Bo\u017cego Narodzenia przez m.in. zaprezentowanie \u015bwi\u0105tecznych potraw i wypiek\u00f3w, wyst\u0119py zespo\u0142\u00f3w ludowych, promowanie r\u0119kodzie\u0142a charakterystycznego dla mieszka\u0144c\u00f3w obszar\u00f3w wiejskich naszego regionu.<\/p>\n\n\n\n<p class=\"wp-block-paragraph\"><\/p>\n","protected":false},"excerpt":{"rendered":"<p>Stowarzyszenie NASZA KRAJNA, Starostwo Powiatowe w S\u0119p\u00f3lnie Kraje\u0144skim, Gmina Kamie\u0144 Kraje\u0144ski wsp\u00f3lnie z organizacjami dzia\u0142aj\u0105cymi&#8230;<\/p>\n","protected":false},"author":1,"featured_media":0,"comment_status":"closed","ping_status":"open","sticky":true,"template":"","format":"standard","meta":{"om_disable_all_campaigns":false,"_monsterinsights_skip_tracking":false,"footnotes":""},"categories":[1],"tags":[],"class_list":["post-956","post","type-post","status-publish","format-standard","hentry","category-aktualnosci"],"aioseo_notices":[],"_links":{"self":[{"href":"https:\/\/naszakrajna.org\/index.php\/wp-json\/wp\/v2\/posts\/956","targetHints":{"allow":["GET"]}}],"collection":[{"href":"https:\/\/naszakrajna.org\/index.php\/wp-json\/wp\/v2\/posts"}],"about":[{"href":"https:\/\/naszakrajna.org\/index.php\/wp-json\/wp\/v2\/types\/post"}],"author":[{"embeddable":true,"href":"https:\/\/naszakrajna.org\/index.php\/wp-json\/wp\/v2\/users\/1"}],"replies":[{"embeddable":true,"href":"https:\/\/naszakrajna.org\/index.php\/wp-json\/wp\/v2\/comments?post=956"}],"version-history":[{"count":2,"href":"https:\/\/naszakrajna.org\/index.php\/wp-json\/wp\/v2\/posts\/956\/revisions"}],"predecessor-version":[{"id":958,"href":"https:\/\/naszakrajna.org\/index.php\/wp-json\/wp\/v2\/posts\/956\/revisions\/958"}],"wp:attachment":[{"href":"https:\/\/naszakrajna.org\/index.php\/wp-json\/wp\/v2\/media?parent=956"}],"wp:term":[{"taxonomy":"category","embeddable":true,"href":"https:\/\/naszakrajna.org\/index.php\/wp-json\/wp\/v2\/categories?post=956"},{"taxonomy":"post_tag","embeddable":true,"href":"https:\/\/naszakrajna.org\/index.php\/wp-json\/wp\/v2\/tags?post=956"}],"curies":[{"name":"wp","href":"https:\/\/api.w.org\/{rel}","templated":true}]}}