{"id":938,"date":"2023-12-07T14:11:22","date_gmt":"2023-12-07T13:11:22","guid":{"rendered":"https:\/\/naszakrajna.org\/?p=938"},"modified":"2023-12-07T14:11:24","modified_gmt":"2023-12-07T13:11:24","slug":"warsztaty-cukiernicze-w-zsckr-sypniewo-5-6-12-2023-r","status":"publish","type":"post","link":"https:\/\/naszakrajna.org\/index.php\/2023\/12\/07\/warsztaty-cukiernicze-w-zsckr-sypniewo-5-6-12-2023-r\/","title":{"rendered":"Warsztaty cukiernicze w ZSCKR Sypniewo 5-6.12.2023 r,"},"content":{"rendered":"\n<p> <p class=\"MsoNormal\"><span style=\"font-size:13.0pt;line-height:107%;font-family:\n&quot;Arial&quot;,sans-serif;background:white\">W dniach 5-6 grudnia 2023 roku Stowarzyszenie NASZA KRAJNA wsp\u00f3lnie z Zespo\u0142em Szk\u00f3\u0142 Centrum Kszta\u0142cenia Rolniczego w Sypniewie zorganizowa\u0142o warsztaty cukiernicze. Warsztaty prowadzi\u0142a Justyna Musiorska z Runowa, osoba, kt\u00f3ra od wielu lat z pasj\u0105 tworzy s\u0142odkie dzie\u0142a sztuki. W warsztatach wzi\u0119li udzia\u0142 uczniowie z klas II, III i IV Technikum \u017bywienia i Gospodarstwa Domowego.<\/span><\/p><p class=\"MsoNormal\"><span style=\"font-size:13.0pt;line-height:107%;font-family:\n&quot;Arial&quot;,sans-serif;background:white\">Uczniowie pracowali podczas warsztat\u00f3w pod czujnym okiem swojego pedagoga \u2013 Karoliny Wegner &#8211; Michalak.<\/span><span style=\"font-size:13.0pt;line-height:107%;font-family:&quot;Arial&quot;,sans-serif\"> <span style=\"background:white\">Wsp\u00f3lnie przygotowali cake pops, babeczki oraz okaza\u0142y tort. Uczestnicy warsztat\u00f3w w\u0142asnor\u0119cznie wykonali tak\u017ce ozdoby z masy cukrowej, kt\u00f3re p\u00f3\u017aniej wykorzystali do dekorowania swoich wyrob\u00f3w.<\/span><\/span><\/p><p class=\"MsoNormal\"><span style=\"font-size:13.0pt;line-height:107%;font-family:\n&quot;Arial&quot;,sans-serif;background:white\">Pani Justyna przekaza\u0142a uczniom nowoczesne metody przyrz\u0105dzania rozmaitych \u0142akoci oraz sztuk\u0119 przygotowania i zdobienia artystycznych tort\u00f3w.<\/span><\/p> Zdj\u0119cia w Galerii.<\/p>\n\n\n\n<p><\/p>\n","protected":false},"excerpt":{"rendered":"<p>W dniach 5-6 grudnia 2023 roku Stowarzyszenie NASZA KRAJNA wsp\u00f3lnie z Zespo\u0142em Szk\u00f3\u0142 Centrum Kszta\u0142cenia&#8230;<\/p>\n","protected":false},"author":1,"featured_media":0,"comment_status":"closed","ping_status":"open","sticky":false,"template":"","format":"standard","meta":{"om_disable_all_campaigns":false,"_monsterinsights_skip_tracking":false,"_monsterinsights_sitenote_active":false,"_monsterinsights_sitenote_note":"","_monsterinsights_sitenote_category":0,"footnotes":""},"categories":[1],"tags":[],"class_list":["post-938","post","type-post","status-publish","format-standard","hentry","category-aktualnosci"],"aioseo_notices":[],"_links":{"self":[{"href":"https:\/\/naszakrajna.org\/index.php\/wp-json\/wp\/v2\/posts\/938","targetHints":{"allow":["GET"]}}],"collection":[{"href":"https:\/\/naszakrajna.org\/index.php\/wp-json\/wp\/v2\/posts"}],"about":[{"href":"https:\/\/naszakrajna.org\/index.php\/wp-json\/wp\/v2\/types\/post"}],"author":[{"embeddable":true,"href":"https:\/\/naszakrajna.org\/index.php\/wp-json\/wp\/v2\/users\/1"}],"replies":[{"embeddable":true,"href":"https:\/\/naszakrajna.org\/index.php\/wp-json\/wp\/v2\/comments?post=938"}],"version-history":[{"count":2,"href":"https:\/\/naszakrajna.org\/index.php\/wp-json\/wp\/v2\/posts\/938\/revisions"}],"predecessor-version":[{"id":940,"href":"https:\/\/naszakrajna.org\/index.php\/wp-json\/wp\/v2\/posts\/938\/revisions\/940"}],"wp:attachment":[{"href":"https:\/\/naszakrajna.org\/index.php\/wp-json\/wp\/v2\/media?parent=938"}],"wp:term":[{"taxonomy":"category","embeddable":true,"href":"https:\/\/naszakrajna.org\/index.php\/wp-json\/wp\/v2\/categories?post=938"},{"taxonomy":"post_tag","embeddable":true,"href":"https:\/\/naszakrajna.org\/index.php\/wp-json\/wp\/v2\/tags?post=938"}],"curies":[{"name":"wp","href":"https:\/\/api.w.org\/{rel}","templated":true}]}}