{"id":901,"date":"2023-10-17T10:37:46","date_gmt":"2023-10-17T09:37:46","guid":{"rendered":"https:\/\/naszakrajna.org\/?p=901"},"modified":"2023-10-20T12:22:49","modified_gmt":"2023-10-20T11:22:49","slug":"zapraszamy-do-udzialu-w-bezplatnym-seminarium-wioski-tematyczne-sposobem-na-aktywizacje-lokalnych-spolecznosci-i-promocje-regionu","status":"publish","type":"post","link":"https:\/\/naszakrajna.org\/index.php\/2023\/10\/17\/zapraszamy-do-udzialu-w-bezplatnym-seminarium-wioski-tematyczne-sposobem-na-aktywizacje-lokalnych-spolecznosci-i-promocje-regionu\/","title":{"rendered":"Zapraszamy do udzia\u0142u w bezp\u0142atnym seminarium \u201eWioski tematyczne sposobem na aktywizacj\u0119 lokalnych spo\u0142eczno\u015bci i promocj\u0119 regionu\u201d"},"content":{"rendered":"\n<p>Stowarzyszenie NASZA KRAJNA &nbsp;serdecznie zaprasza mieszka\u0144c\u00f3w powiatu s\u0119pole\u0144skiego do udzia\u0142u w seminarium inauguruj\u0105cym projekt wsp\u00f3\u0142pracy <a>\u201eWioski tematyczne sposobem na aktywizacj\u0119 lokalnych spo\u0142eczno\u015bci i promocj\u0119 regionu\u201d<\/a><\/p>\n\n\n\n<p>W trakcie seminarium m.in. prezentacja dobrych praktyk ekonomii spo\u0142ecznej z obszaru wojew\u00f3dztwa kujawsko-pomorskiego: G\u00f3rnicza Wioska (Pi\u0142a-M\u0142yn).<\/p>\n\n\n\n<p>Celem projektu wsp\u00f3\u0142pracy realizowanego przez 3 partnerskie LGD: Stowarzyszenie \u201ePartnerstwo dla Krajny i Pa\u0142uk\u201d, Stowarzyszenie \u201eLokalna Grupa Dzia\u0142ania Bory Tucholskie\u201d oraz Stowarzyszenie NASZA KRAJNA\u00a0 jest aktywizacja i integracja mieszka\u0144c\u00f3w gmin poprzez <strong>upowszechnienie idei tworzenia wsi tematycznych.<\/strong><\/p>\n\n\n\n<p><strong>Miejsce seminarium:<\/strong> Wioska G\u00f3rnicza, ul. \u015awierkowa 11, Pi\u0142a-M\u0142yn, 89-520 Gostycyn<\/p>\n\n\n\n<p><strong>Termin realizacji: <\/strong>27 pa\u017adziernika 2023 r., godz. 10.00-14.00<\/p>\n\n\n\n<p>Wyjazd z S\u0119p\u00f3lna Kraje\u0144skiego o godz. 9:00.<\/p>\n\n\n\n<p>Zainteresowanych udzia\u0142em zapraszamy do kontaktu telefonicznego <strong>531089577 <\/strong>lub e-mail <a href=\"mailto:biuro@naszakrajna.org\">biuro@naszakrajna.org<\/a> z biurem LGD w terminie do <strong>24 pa\u017adziernika 2023 do godz. 15.30<\/strong>.<\/p>\n\n\n\n<p>Z uwagi na ograniczon\u0105 liczb\u0119 miejsc o ostatecznym zakwalifikowaniu zdecyduje kolejno\u015b\u0107 zg\u0142osze\u0144.<\/p>\n\n\n\n<p><strong>Do pobrania<\/strong> <a href=\"https:\/\/naszakrajna.org\/wp-content\/uploads\/2023\/10\/PROGRAM-SEMINARIUM.docx\" title=\"\">Szczeg\u00f3\u0142owy program<\/a><\/p>\n","protected":false},"excerpt":{"rendered":"<p>Stowarzyszenie NASZA KRAJNA &nbsp;serdecznie zaprasza mieszka\u0144c\u00f3w powiatu s\u0119pole\u0144skiego do udzia\u0142u w seminarium inauguruj\u0105cym projekt wsp\u00f3\u0142pracy&#8230;<\/p>\n","protected":false},"author":1,"featured_media":0,"comment_status":"closed","ping_status":"open","sticky":false,"template":"","format":"standard","meta":{"om_disable_all_campaigns":false,"_monsterinsights_skip_tracking":false,"_monsterinsights_sitenote_active":false,"_monsterinsights_sitenote_note":"","_monsterinsights_sitenote_category":0,"footnotes":""},"categories":[1],"tags":[],"class_list":["post-901","post","type-post","status-publish","format-standard","hentry","category-aktualnosci"],"aioseo_notices":[],"_links":{"self":[{"href":"https:\/\/naszakrajna.org\/index.php\/wp-json\/wp\/v2\/posts\/901","targetHints":{"allow":["GET"]}}],"collection":[{"href":"https:\/\/naszakrajna.org\/index.php\/wp-json\/wp\/v2\/posts"}],"about":[{"href":"https:\/\/naszakrajna.org\/index.php\/wp-json\/wp\/v2\/types\/post"}],"author":[{"embeddable":true,"href":"https:\/\/naszakrajna.org\/index.php\/wp-json\/wp\/v2\/users\/1"}],"replies":[{"embeddable":true,"href":"https:\/\/naszakrajna.org\/index.php\/wp-json\/wp\/v2\/comments?post=901"}],"version-history":[{"count":5,"href":"https:\/\/naszakrajna.org\/index.php\/wp-json\/wp\/v2\/posts\/901\/revisions"}],"predecessor-version":[{"id":909,"href":"https:\/\/naszakrajna.org\/index.php\/wp-json\/wp\/v2\/posts\/901\/revisions\/909"}],"wp:attachment":[{"href":"https:\/\/naszakrajna.org\/index.php\/wp-json\/wp\/v2\/media?parent=901"}],"wp:term":[{"taxonomy":"category","embeddable":true,"href":"https:\/\/naszakrajna.org\/index.php\/wp-json\/wp\/v2\/categories?post=901"},{"taxonomy":"post_tag","embeddable":true,"href":"https:\/\/naszakrajna.org\/index.php\/wp-json\/wp\/v2\/tags?post=901"}],"curies":[{"name":"wp","href":"https:\/\/api.w.org\/{rel}","templated":true}]}}