{"id":893,"date":"2023-09-05T08:14:55","date_gmt":"2023-09-05T07:14:55","guid":{"rendered":"https:\/\/naszakrajna.org\/?p=893"},"modified":"2023-09-05T08:14:56","modified_gmt":"2023-09-05T07:14:56","slug":"dozynki-gminne-w-piasecznie-03-09-2023-r","status":"publish","type":"post","link":"https:\/\/naszakrajna.org\/index.php\/2023\/09\/05\/dozynki-gminne-w-piasecznie-03-09-2023-r\/","title":{"rendered":"Do\u017cynki gminne w Piasecznie, 03.09.2023 r."},"content":{"rendered":"\n<p>Mieszka\u0144cy, a zw\u0142aszcza rolnicy z gminy S\u0119p\u00f3lno Kraje\u0144skie obchodzili \u015awi\u0119to Plon\u00f3w 2 wrze\u015bnia 2023 r. w Piasecznie. Msza \u015bwi\u0119ta polowa oraz cz\u0119\u015b\u0107 oficjalna uroczysto\u015bci oby\u0142a si\u0119 na boisku sportowym. Przemarsz barwnego korowodu z orkiestr\u0105 d\u0119t\u0105, pocztami sztandarowymi, powozami ze starostami do\u017cynek, dzie\u0107mi z Wiejskiego O\u015brodka Kultury w Wa\u0142dowie z gaikiem, przedszkolakami z wychowawcami i rodzicami, paniami z k\u00f3\u0142 gospody\u0144 wiejskich z wie\u0144cami, gospody\u0144 z owocami, samorz\u0105dowcami, mieszka\u0144cami i go\u015b\u0107mi zainaugurowa\u0142 \u015bwi\u0119towanie. Po mszy starostowie do\u017cynek wr\u0119czyli bochen chleba burmistrzowi i przewodnicz\u0105cemu rady gminy S\u0119p\u00f3lno Kraje\u0144skie, kt\u00f3rzy nast\u0119pnie rozdzielili go wszystkim obecnym.<\/p>\n\n\n\n<p>Obchody u\u015bwietni\u0142y wyst\u0119py Zespo\u0142u Pie\u015bni i Ta\u0144ca Ziemia Bydgoska, zesp\u00f3\u0142 Modraki i Lutowianie. Uczestnicy mogli pokosztowa\u0107 potraw przygotowanych przez Ko\u0142a Gospody\u0144 Wiejskich, zaopatrzy\u0107 si\u0119 w wyroby r\u0119kodzielnicze, produkty lokalne. Najm\u0142odsi mogli skorzysta\u0107 z przeja\u017cd\u017cki bryczk\u0105, z dmuchanych zamk\u00f3w, strefy animacji dla najm\u0142odszych.<\/p>\n\n\n\n<p>Lokalna Grupa Dzia\u0142ania Stowarzyszenie NASZA KRAJNA cz\u0119stowa\u0142a odwiedzaj\u0105cych nasze stoisko zup\u0105 gulaszow\u0105. Co najmniej 100 os\u00f3b poinformowanych zosta\u0142o o dzia\u0142aniach LGD.<\/p>\n","protected":false},"excerpt":{"rendered":"<p>Mieszka\u0144cy, a zw\u0142aszcza rolnicy z gminy S\u0119p\u00f3lno Kraje\u0144skie obchodzili \u015awi\u0119to Plon\u00f3w 2 wrze\u015bnia 2023 r&#8230;.<\/p>\n","protected":false},"author":1,"featured_media":0,"comment_status":"closed","ping_status":"open","sticky":false,"template":"","format":"standard","meta":{"om_disable_all_campaigns":false,"_monsterinsights_skip_tracking":false,"_monsterinsights_sitenote_active":false,"_monsterinsights_sitenote_note":"","_monsterinsights_sitenote_category":0,"footnotes":""},"categories":[1],"tags":[],"class_list":["post-893","post","type-post","status-publish","format-standard","hentry","category-aktualnosci"],"aioseo_notices":[],"_links":{"self":[{"href":"https:\/\/naszakrajna.org\/index.php\/wp-json\/wp\/v2\/posts\/893","targetHints":{"allow":["GET"]}}],"collection":[{"href":"https:\/\/naszakrajna.org\/index.php\/wp-json\/wp\/v2\/posts"}],"about":[{"href":"https:\/\/naszakrajna.org\/index.php\/wp-json\/wp\/v2\/types\/post"}],"author":[{"embeddable":true,"href":"https:\/\/naszakrajna.org\/index.php\/wp-json\/wp\/v2\/users\/1"}],"replies":[{"embeddable":true,"href":"https:\/\/naszakrajna.org\/index.php\/wp-json\/wp\/v2\/comments?post=893"}],"version-history":[{"count":1,"href":"https:\/\/naszakrajna.org\/index.php\/wp-json\/wp\/v2\/posts\/893\/revisions"}],"predecessor-version":[{"id":894,"href":"https:\/\/naszakrajna.org\/index.php\/wp-json\/wp\/v2\/posts\/893\/revisions\/894"}],"wp:attachment":[{"href":"https:\/\/naszakrajna.org\/index.php\/wp-json\/wp\/v2\/media?parent=893"}],"wp:term":[{"taxonomy":"category","embeddable":true,"href":"https:\/\/naszakrajna.org\/index.php\/wp-json\/wp\/v2\/categories?post=893"},{"taxonomy":"post_tag","embeddable":true,"href":"https:\/\/naszakrajna.org\/index.php\/wp-json\/wp\/v2\/tags?post=893"}],"curies":[{"name":"wp","href":"https:\/\/api.w.org\/{rel}","templated":true}]}}