{"id":855,"date":"2023-08-28T12:56:37","date_gmt":"2023-08-28T11:56:37","guid":{"rendered":"https:\/\/naszakrajna.org\/?p=855"},"modified":"2023-09-04T13:41:27","modified_gmt":"2023-09-04T12:41:27","slug":"dozynki-gminne-w-przepalkowie-26-08-2023-r","status":"publish","type":"post","link":"https:\/\/naszakrajna.org\/index.php\/2023\/08\/28\/dozynki-gminne-w-przepalkowie-26-08-2023-r\/","title":{"rendered":"Do\u017cynki Gminne w Przepa\u0142kowie &#8211; 26.08.2023 r."},"content":{"rendered":"\n<p class=\"has-text-align-left wp-block-paragraph\">Pierwsze do\u017cynki na terenie powiatu po przerwie zwi\u0105zanej z pandemi\u0105 zorganizowa\u0142a Gmina So\u015bno i so\u0142ectwo Przepa\u0142kowo. Do\u017cynki rozpocz\u0119\u0142y si\u0119 w sobot\u0119 26 sierpnia msz\u0105 \u015bwi\u0119t\u0105 dzi\u0119kczynn\u0105 w kaplicy w Obodowie odprawion\u0105 przez proboszcza Parafii pw. \u015awi\u0119tego Mateusza Ewangelisty i Aposto\u0142a w Wa\u0142dowie, ksi\u0119dza Krzysztofa W\u0119sierskiego. Cz\u0119\u015b\u0107 oficjalna odby\u0142a si\u0119 na boisku Szko\u0142y Podstawowej w Przepa\u0142kowie uroczystym przej\u015bciem korowodu do\u017cynkowego. \u00a0Starostowie do\u017cynek wr\u0119czyli bochen chleba W\u00f3jtowi So\u015bna oraz Przewodnicz\u0105cej Rady Gminy Krystynie W\u0105sik, kt\u00f3ry tradycyjnie zosta\u0142 rozdzielony pomi\u0119dzy wszystkich go\u015bci.<br>Po kr\u00f3tkich wyst\u0105pieniach wr\u0119czono wyr\u00f3\u017cnionym rolnikom z terenu gminy So\u015bno dyplomy uznania.<br>Obchodom towarzyszy\u0142a wystawa wie\u0144c\u00f3w do\u017cynkowych, przygotowanych przez panie z K\u00f3\u0142 Gospody\u0144 Wiejskich.<br>Po cz\u0119\u015bci oficjalnej nadszed\u0142 czas na wyst\u0119py artystyczne i zabaw\u0119 do\u017cynkow\u0105.<br>W\u015br\u00f3d wielu atrakcji wymieni\u0107 mo\u017cna stref\u0119 zabaw dla najm\u0142odszych, stoiska z r\u0119kodzie\u0142em, stoiska kulinarne przygotowane przez Ko\u0142a Gospody\u0144 Wiejskich, warsztaty z przygotowania podp\u0142omyk\u00f3w, bufet, stoiska UG, GOPS, ZUS. \u00a0<br>Lokalna Grupa Dzia\u0142ania Stowarzyszenie NASZA KRAJNA cz\u0119stowa\u0142a zgromadzonych dro\u017cd\u017c\u00f3wkami. Co najmniej 100 os\u00f3b poinformowanych zosta\u0142o o dzia\u0142aniach LGD.<\/p>\n","protected":false},"excerpt":{"rendered":"<p>Pierwsze do\u017cynki na terenie powiatu po przerwie zwi\u0105zanej z pandemi\u0105 zorganizowa\u0142a Gmina So\u015bno i so\u0142ectwo&#8230;<\/p>\n","protected":false},"author":1,"featured_media":0,"comment_status":"closed","ping_status":"open","sticky":true,"template":"","format":"standard","meta":{"om_disable_all_campaigns":false,"_monsterinsights_skip_tracking":false,"footnotes":""},"categories":[1],"tags":[],"class_list":["post-855","post","type-post","status-publish","format-standard","hentry","category-aktualnosci"],"aioseo_notices":[],"_links":{"self":[{"href":"https:\/\/naszakrajna.org\/index.php\/wp-json\/wp\/v2\/posts\/855","targetHints":{"allow":["GET"]}}],"collection":[{"href":"https:\/\/naszakrajna.org\/index.php\/wp-json\/wp\/v2\/posts"}],"about":[{"href":"https:\/\/naszakrajna.org\/index.php\/wp-json\/wp\/v2\/types\/post"}],"author":[{"embeddable":true,"href":"https:\/\/naszakrajna.org\/index.php\/wp-json\/wp\/v2\/users\/1"}],"replies":[{"embeddable":true,"href":"https:\/\/naszakrajna.org\/index.php\/wp-json\/wp\/v2\/comments?post=855"}],"version-history":[{"count":3,"href":"https:\/\/naszakrajna.org\/index.php\/wp-json\/wp\/v2\/posts\/855\/revisions"}],"predecessor-version":[{"id":891,"href":"https:\/\/naszakrajna.org\/index.php\/wp-json\/wp\/v2\/posts\/855\/revisions\/891"}],"wp:attachment":[{"href":"https:\/\/naszakrajna.org\/index.php\/wp-json\/wp\/v2\/media?parent=855"}],"wp:term":[{"taxonomy":"category","embeddable":true,"href":"https:\/\/naszakrajna.org\/index.php\/wp-json\/wp\/v2\/categories?post=855"},{"taxonomy":"post_tag","embeddable":true,"href":"https:\/\/naszakrajna.org\/index.php\/wp-json\/wp\/v2\/tags?post=855"}],"curies":[{"name":"wp","href":"https:\/\/api.w.org\/{rel}","templated":true}]}}