{"id":757,"date":"2023-07-03T13:15:25","date_gmt":"2023-07-03T12:15:25","guid":{"rendered":"https:\/\/naszakrajna.org\/?p=757"},"modified":"2023-08-07T13:18:15","modified_gmt":"2023-08-07T12:18:15","slug":"15-lecie-lgd-nasza-krajna-30-06-2023","status":"publish","type":"post","link":"https:\/\/naszakrajna.org\/index.php\/2023\/07\/03\/15-lecie-lgd-nasza-krajna-30-06-2023\/","title":{"rendered":"15-lecie LGD NASZA KRAJNA \u2013 30.06.2023"},"content":{"rendered":"\n<p class=\"has-text-align-left\">Dnia 30 czerwca 2023 roku, Lokalna Grupa Dzia\u0142ania Stowarzyszenie NASZA KRAJNA obchodzi\u0142o 15 &#8211; lecie istnienia. W amfiteatrze nad jeziorem Mochel w Kamieniu Kraje\u0144skim oby\u0142o si\u0119 uroczyste przywitanie zaproszonych go\u015bci oraz wr\u0119czenie podzi\u0119kowa\u0144. Zarz\u0105d stowarzyszenia podsumowa\u0142 15 lat dzia\u0142alno\u015bci, by\u0142 to czas na wspomnienia, podzi\u0119kowania i wyr\u00f3\u017cnienia. Podczas obchod\u00f3w podzi\u0119kowania i wyr\u00f3\u017cnienia odebra\u0142o 26 os\u00f3b i instytucji wsp\u00f3\u0142pracuj\u0105cych ze Stowarzyszeniem NASZA KRAJNA.<\/p>\n\n\n\n<p><strong>Jubileuszowe gratulacje od marsza\u0142ka wojew\u00f3dztwa kujawsko-pomorskiego otrzymali:<\/strong><\/p>\n\n\n\n<ul class=\"wp-block-list\">\n<li>Agnieszka Lach<\/li>\n\n\n\n<li>Wies\u0142awa Stafiej<\/li>\n\n\n\n<li>Iwona Sikorska<\/li>\n\n\n\n<li>Leszek Stroi\u0144ski<\/li>\n\n\n\n<li>Henryk Pawlina<\/li>\n\n\n\n<li>Pawe\u0142 Toczko<\/li>\n\n\n\n<li>Marek Zie\u0144ko<\/li>\n<\/ul>\n\n\n\n<p><strong>Podzi\u0119kowania od zarz\u0105du Stowarzyszenia Nasza Krajna pow\u0119drowa\u0142y do:<\/strong><\/p>\n\n\n\n<ul class=\"wp-block-list\">\n<li>J\u00f3zefa Walczaka<\/li>\n\n\n\n<li>Ko\u0142a Ig\u0142\u0105 Malowane<\/li>\n\n\n\n<li>Zespo\u0142u Szk\u00f3\u0142 Centrum Kszta\u0142cenia Rolniczego w Sypniewie<\/li>\n\n\n\n<li>Centrum Kszta\u0142cenia Zawodowego i Ustawicznego w Wi\u0119cborku<\/li>\n\n\n\n<li>Ko\u0142a Gospody\u0144 Wiejskich \u201eWisienki\u201d z Wi\u015bniewy<\/li>\n\n\n\n<li>Stowarzyszenia \u201eZe Zbo\u017cem Za Pan Brat\u201d ze Zbo\u017ca<\/li>\n\n\n\n<li>Ko\u0142a Gospody\u0144 Wiejskich z Wielowicza<\/li>\n\n\n\n<li>Marzeny Stoltman gminnego Koordynatora Europejskiego Funduszu Spo\u0142ecznego w Gminie S\u0119p\u00f3lno Kraje\u0144skie<\/li>\n\n\n\n<li>Marzeny Radeckiej gminnego Koordynatora Europejskiego Funduszu Spo\u0142ecznego w Gminie Wi\u0119cbork<\/li>\n\n\n\n<li>Natalii Szczepa\u0144skiej gminnego Koordynatora Europejskiego Funduszu Spo\u0142ecznego w Gminie Kamie\u0144 Kraje\u0144ski<\/li>\n\n\n\n<li>Iwony Sikorskiej gminnego Koordynatora Europejskiego Funduszu Spo\u0142ecznego w Gminie So\u015bno<\/li>\n\n\n\n<li>Doroty Szyma\u0144czak Koordynatora Europejskiego Funduszu Spo\u0142ecznego w Starostwie Powiatowym w S\u0119p\u00f3lnie Kraje\u0144skim<\/li>\n\n\n\n<li>Zbigniewa Struwe<\/li>\n\n\n\n<li>Wydzia\u0142u Koordynacji Rozwoju Lokalnego Kierowanego przez Spo\u0142eczno\u015b\u0107 Urz\u0119du Marsza\u0142kowskiego Wojew\u00f3dztwa Kujawsko-Pomorskiego<\/li>\n\n\n\n<li>Departamentu Rozwoju Obszar\u00f3w Wiejskich Urz\u0119du Marsza\u0142kowskiego Wojew\u00f3dztwa Kujawsko-Pomorskiego<\/li>\n\n\n\n<li>Stowarzyszenia Lokalna Grupa Dzia\u0142ania \u201eKrajna Z\u0142otowska\u201d ze Z\u0142otowa<\/li>\n\n\n\n<li>Stowarzyszenia Lokalna Grupa Dzia\u0142ania \u201eKrajna Nad Noteci\u0105\u201d z Pob\u00f3rki Wielkiej<\/li>\n\n\n\n<li>Stowarzyszenia \u201ePartnerstwo dla Krajny i Pa\u0142uk\u201d z Nak\u0142a<\/li>\n\n\n\n<li>Stowarzyszenia Lokalnej Grupy Dzia\u0142ania \u201eBory Tucholskie\u201d z Tucholi<\/li>\n<\/ul>\n\n\n\n<p>Wszyscy obecni mogli r\u00f3wnie\u017c skosztowa\u0107 jubileuszowego tortu.<\/p>\n\n\n\n<p class=\"has-text-align-left\">Cz\u0119\u015b\u0107 artystyczn\u0105 umili\u0142y wyst\u0119py i pokazy talent\u00f3w oraz degustacja potraw i przysmak\u00f3w przygotowanych m.in. przez panie z k\u00f3\u0142 gospody\u0144 wiejskich z Wielowicza, Zamartego, Sypniewa, Wilkowa i Mroczy. Najm\u0142odsi mogli skorzysta\u0107 z r\u00f3\u017cnych animacji. &nbsp;Gwiazd\u0105 wieczoru by\u0142 \u201e\u015bl\u0105ski s\u0142owik\u201d Jacek Silski, reprezentant muzyki rozrywkowej.<\/p>\n","protected":false},"excerpt":{"rendered":"<p>Dnia 30 czerwca 2023 roku, Lokalna Grupa Dzia\u0142ania Stowarzyszenie NASZA KRAJNA obchodzi\u0142o 15 &#8211; lecie&#8230;<\/p>\n","protected":false},"author":1,"featured_media":0,"comment_status":"closed","ping_status":"open","sticky":false,"template":"","format":"standard","meta":{"om_disable_all_campaigns":false,"_monsterinsights_skip_tracking":false,"_monsterinsights_sitenote_active":false,"_monsterinsights_sitenote_note":"","_monsterinsights_sitenote_category":0,"footnotes":""},"categories":[1],"tags":[],"class_list":["post-757","post","type-post","status-publish","format-standard","hentry","category-aktualnosci"],"aioseo_notices":[],"_links":{"self":[{"href":"https:\/\/naszakrajna.org\/index.php\/wp-json\/wp\/v2\/posts\/757","targetHints":{"allow":["GET"]}}],"collection":[{"href":"https:\/\/naszakrajna.org\/index.php\/wp-json\/wp\/v2\/posts"}],"about":[{"href":"https:\/\/naszakrajna.org\/index.php\/wp-json\/wp\/v2\/types\/post"}],"author":[{"embeddable":true,"href":"https:\/\/naszakrajna.org\/index.php\/wp-json\/wp\/v2\/users\/1"}],"replies":[{"embeddable":true,"href":"https:\/\/naszakrajna.org\/index.php\/wp-json\/wp\/v2\/comments?post=757"}],"version-history":[{"count":1,"href":"https:\/\/naszakrajna.org\/index.php\/wp-json\/wp\/v2\/posts\/757\/revisions"}],"predecessor-version":[{"id":758,"href":"https:\/\/naszakrajna.org\/index.php\/wp-json\/wp\/v2\/posts\/757\/revisions\/758"}],"wp:attachment":[{"href":"https:\/\/naszakrajna.org\/index.php\/wp-json\/wp\/v2\/media?parent=757"}],"wp:term":[{"taxonomy":"category","embeddable":true,"href":"https:\/\/naszakrajna.org\/index.php\/wp-json\/wp\/v2\/categories?post=757"},{"taxonomy":"post_tag","embeddable":true,"href":"https:\/\/naszakrajna.org\/index.php\/wp-json\/wp\/v2\/tags?post=757"}],"curies":[{"name":"wp","href":"https:\/\/api.w.org\/{rel}","templated":true}]}}