{"id":68,"date":"2022-04-11T10:29:00","date_gmt":"2022-04-11T09:29:00","guid":{"rendered":"http:\/\/naszakrajna.org2\/?p=68"},"modified":"2023-03-06T10:30:10","modified_gmt":"2023-03-06T09:30:10","slug":"warsztaty-polskie-i-ukrainskie-wielkanocne-tradycje-kulinarne-8-9-kwietnia-w-wiecborku","status":"publish","type":"post","link":"https:\/\/naszakrajna.org\/index.php\/2022\/04\/11\/warsztaty-polskie-i-ukrainskie-wielkanocne-tradycje-kulinarne-8-9-kwietnia-w-wiecborku\/","title":{"rendered":"Warsztaty &#8222;Polskie i Ukrai\u0144skie Wielkanocne Tradycje Kulinarne&#8221; 8-9 kwietnia w Wi\u0119cborku"},"content":{"rendered":"\n<p>W pi\u0105tek 8 kwietnia 2022 roku Stowarzyszenie NASZA KRAJNA \u00a0zorganizowa\u0142o warsztaty kulinarne po\u015bwi\u0119cone polskim i ukrai\u0144skim tradycjom kulinarnym. W warsztatach wzi\u0119\u0142y udzia\u0142 22 osoby \u2013 uczniowie Centrum Kszta\u0142cenia Zawodowego i Ustawicznego w Wi\u0119cborku, przedstawicielki Ko\u0142a Gospody\u0144 Wiejskich z Wielowicza oraz obywatelki Ukrainy przebywaj\u0105ce obecnie na terenie Wi\u0119cborka.\u00a0<br>Uczestnicy warsztat\u00f3w w ramach polskich tradycji przygotowali \u017curek wielkanocny, forszmak my\u015bliwski, bigos, zapiekan\u0105 bia\u0142\u0105 kie\u0142bas\u0119, pasztety, jajka faszerowane, piecze\u0144 z jajkami, ryb\u0119 z warzywami oraz w galarecie. S\u0142odkie dania to mi\u0119dzy innymi: baby wielkanocne, mazurki oraz sernik.\u00a0Panie\u00a0z Ukrainy przyrz\u0105dzi\u0142y barszcz ukrai\u0144ski, sa\u0142atk\u0119 \u015bledziow\u0105, go\u0142\u0105bki i pampuchy z czosnkiem. S\u0142odkie dania ukrai\u0144skie to tort, paschy oraz rurki z wi\u015bniami.<br>Nast\u0119pnego dnia, w sobot\u0119, 9 kwietnia odby\u0142a si\u0119 otwarta dla mieszka\u0144c\u00f3w prezentacja po\u0142\u0105czona z degustacj\u0105 potraw przygotowanych podczas warsztat\u00f3w. By\u0142a to kulinarna w\u0119dr\u00f3wka po tradycyjnej polskiej i ukrai\u0144skiej kuchni\u00a0jakiej jeszcze na naszym terenie nie by\u0142o.\u00a0<br>Zar\u00f3wno warsztaty jak i prezentacja odby\u0142y si\u0119 w Centrum Kszta\u0142cenia Zawodowego i Ustawicznego w Wi\u0119cborku.<\/p>\n","protected":false},"excerpt":{"rendered":"<p>W pi\u0105tek 8 kwietnia 2022 roku Stowarzyszenie NASZA KRAJNA \u00a0zorganizowa\u0142o warsztaty kulinarne po\u015bwi\u0119cone polskim i&#8230;<\/p>\n","protected":false},"author":1,"featured_media":0,"comment_status":"open","ping_status":"open","sticky":false,"template":"","format":"standard","meta":{"om_disable_all_campaigns":false,"_monsterinsights_skip_tracking":false,"_monsterinsights_sitenote_active":false,"_monsterinsights_sitenote_note":"","_monsterinsights_sitenote_category":0,"footnotes":""},"categories":[1],"tags":[],"class_list":["post-68","post","type-post","status-publish","format-standard","hentry","category-aktualnosci"],"aioseo_notices":[],"_links":{"self":[{"href":"https:\/\/naszakrajna.org\/index.php\/wp-json\/wp\/v2\/posts\/68","targetHints":{"allow":["GET"]}}],"collection":[{"href":"https:\/\/naszakrajna.org\/index.php\/wp-json\/wp\/v2\/posts"}],"about":[{"href":"https:\/\/naszakrajna.org\/index.php\/wp-json\/wp\/v2\/types\/post"}],"author":[{"embeddable":true,"href":"https:\/\/naszakrajna.org\/index.php\/wp-json\/wp\/v2\/users\/1"}],"replies":[{"embeddable":true,"href":"https:\/\/naszakrajna.org\/index.php\/wp-json\/wp\/v2\/comments?post=68"}],"version-history":[{"count":1,"href":"https:\/\/naszakrajna.org\/index.php\/wp-json\/wp\/v2\/posts\/68\/revisions"}],"predecessor-version":[{"id":69,"href":"https:\/\/naszakrajna.org\/index.php\/wp-json\/wp\/v2\/posts\/68\/revisions\/69"}],"wp:attachment":[{"href":"https:\/\/naszakrajna.org\/index.php\/wp-json\/wp\/v2\/media?parent=68"}],"wp:term":[{"taxonomy":"category","embeddable":true,"href":"https:\/\/naszakrajna.org\/index.php\/wp-json\/wp\/v2\/categories?post=68"},{"taxonomy":"post_tag","embeddable":true,"href":"https:\/\/naszakrajna.org\/index.php\/wp-json\/wp\/v2\/tags?post=68"}],"curies":[{"name":"wp","href":"https:\/\/api.w.org\/{rel}","templated":true}]}}