{"id":579,"date":"2023-05-17T11:24:00","date_gmt":"2023-05-17T10:24:00","guid":{"rendered":"https:\/\/naszakrajna.org\/?p=579"},"modified":"2023-07-13T12:25:19","modified_gmt":"2023-07-13T11:25:19","slug":"xxi-targi-turystyczno-ogrodnicze-w-minikowie-lato-na-wsi-swieto-smaku-i-tradycji-2","status":"publish","type":"post","link":"https:\/\/naszakrajna.org\/index.php\/2023\/05\/17\/xxi-targi-turystyczno-ogrodnicze-w-minikowie-lato-na-wsi-swieto-smaku-i-tradycji-2\/","title":{"rendered":"XXI Targi Turystyczno-Ogrodnicze w Minikowie \u201eLATO na WSI \u2013 \u015awi\u0119to Smaku i Tradycji\u201d"},"content":{"rendered":"\n<p>W dniach 13-14.05.2023 Kujawsko \u2013 Pomorski O\u015brodek Doradztwa Rolniczego zorganizowa\u0142 ju\u017c po raz XXII Targi Turystyczno-Ogrodnicze w Minikowie \u201eLATO na WSI \u2013 \u015awi\u0119to Smaku i Tradycji\u201d.<br>Ponad 350 wystawc\u00f3w, oferowa\u0142o ro\u015bliny do ogrod\u00f3w, tradycyjne kulinaria, rzemios\u0142o i r\u0119kodzie\u0142o.\u00a0Nasz region podczas targ\u00f3w promowa\u0142o Stowarzyszenie NASZA KRAJNA wsp\u00f3lnie z Powiatowym Zespo\u0142em Doradztwa Rolniczego w S\u0119p\u00f3lnie Kraje\u0144skim reprezentowanym przez p. Agnieszk\u0119 Lach\u00a0i ko\u0142o gospody\u0144 wiejskich z\u00a0Dorotowa. \u00a0\u00a0<br>Podczas targ\u00f3w\u00a0poinformowali\u015bmy\u00a0oko\u0142o 100\u00a0zainteresowanych o realizowanej przez Lokaln\u0105 Grup\u0119 Dzia\u0142ania Stowarzyszenie NASZA KRAJNA Strategii Rozwoju Lokalnego Kierowanego przez Spo\u0142eczno\u015b\u0107.<br>Serdecznie dzi\u0119kujemy wszystkim za zaanga\u017cowanie w promocj\u0119 oraz budowanie pozytywnego wizerunku Krajny.<\/p>\n","protected":false},"excerpt":{"rendered":"<p>W dniach 13-14.05.2023 Kujawsko \u2013 Pomorski O\u015brodek Doradztwa Rolniczego zorganizowa\u0142 ju\u017c po raz XXII Targi&#8230;<\/p>\n","protected":false},"author":1,"featured_media":0,"comment_status":"open","ping_status":"open","sticky":false,"template":"","format":"standard","meta":{"om_disable_all_campaigns":false,"_monsterinsights_skip_tracking":false,"_monsterinsights_sitenote_active":false,"_monsterinsights_sitenote_note":"","_monsterinsights_sitenote_category":0,"footnotes":""},"categories":[1],"tags":[],"class_list":["post-579","post","type-post","status-publish","format-standard","hentry","category-aktualnosci"],"aioseo_notices":[],"_links":{"self":[{"href":"https:\/\/naszakrajna.org\/index.php\/wp-json\/wp\/v2\/posts\/579","targetHints":{"allow":["GET"]}}],"collection":[{"href":"https:\/\/naszakrajna.org\/index.php\/wp-json\/wp\/v2\/posts"}],"about":[{"href":"https:\/\/naszakrajna.org\/index.php\/wp-json\/wp\/v2\/types\/post"}],"author":[{"embeddable":true,"href":"https:\/\/naszakrajna.org\/index.php\/wp-json\/wp\/v2\/users\/1"}],"replies":[{"embeddable":true,"href":"https:\/\/naszakrajna.org\/index.php\/wp-json\/wp\/v2\/comments?post=579"}],"version-history":[{"count":1,"href":"https:\/\/naszakrajna.org\/index.php\/wp-json\/wp\/v2\/posts\/579\/revisions"}],"predecessor-version":[{"id":580,"href":"https:\/\/naszakrajna.org\/index.php\/wp-json\/wp\/v2\/posts\/579\/revisions\/580"}],"wp:attachment":[{"href":"https:\/\/naszakrajna.org\/index.php\/wp-json\/wp\/v2\/media?parent=579"}],"wp:term":[{"taxonomy":"category","embeddable":true,"href":"https:\/\/naszakrajna.org\/index.php\/wp-json\/wp\/v2\/categories?post=579"},{"taxonomy":"post_tag","embeddable":true,"href":"https:\/\/naszakrajna.org\/index.php\/wp-json\/wp\/v2\/tags?post=579"}],"curies":[{"name":"wp","href":"https:\/\/api.w.org\/{rel}","templated":true}]}}