{"id":565,"date":"2023-05-29T12:19:00","date_gmt":"2023-05-29T11:19:00","guid":{"rendered":"https:\/\/naszakrajna.org\/?p=565"},"modified":"2023-07-13T12:20:34","modified_gmt":"2023-07-13T11:20:34","slug":"rajd-rowerowy-bike-krajna-2023","status":"publish","type":"post","link":"https:\/\/naszakrajna.org\/index.php\/2023\/05\/29\/rajd-rowerowy-bike-krajna-2023\/","title":{"rendered":"Rajd rowerowy Bike Krajna 2023"},"content":{"rendered":"\n<p>W s\u0142oneczn\u0105 sobot\u0119, 27 maja, odby\u0142a si\u0119 kolejna edycja rajdu rowerowego BIKE KRAJNA. W wydarzeniu wzi\u0119\u0142o udzia\u0142 250 mi\u0142o\u015bnik\u00f3w turystyki rowerowej. Najliczniejsza grupa, licz\u0105ca a\u017c 86 uczestnik\u00f3w, wystartowa\u0142a z S\u0119p\u00f3lna Kraje\u0144skiego.<br>Uczestnicy rajdu mieli do pokonania jedn\u0105 z siedmiu wybranych tras o d\u0142ugo\u015bci \u00a050, 70 lub 100 kilometr\u00f3w. Miejsca startu to cztery miasta: S\u0119p\u00f3lno Kraje\u0144skie, Z\u0142ot\u00f3w, Pi\u0142a i Miasteczko Kraje\u0144skie. Na trasie rajdu, w Runowie Kraje\u0144skim, zorganizowano punkt bufetowy, a w \u0141ob\u017cenicy \u00a0spotkanie integracyjne, po\u0142\u0105czone z pocz\u0119stunkiem, kt\u00f3ry przygotowa\u0142y panie z \u00a0ko\u0142a gospody\u0144 wiejskich oraz lokalne grupy dzia\u0142ania.\u00a0<br>Cel rajdu to: popularyzacja turystyki rowerowej w regionie, integracja lokalnej spo\u0142eczno\u015bci powiat\u00f3w s\u0119pole\u0144skiego, z\u0142otowskiego i pilskiego oraz poznanie walor\u00f3w krajoznawczych Krajny.<br>Organizatorami rajdu s\u0105: Stowarzyszenie Lokalna Grupa Dzia\u0142ania Krajna Z\u0142otowska, Stowarzyszenie Lokalna Grupa Dzia\u0142ania Nasza Krajna, Stowarzyszenie Lokalna Grupa Dzia\u0142ania Krajna Nad Noteci\u0105. Patronat nad wydarzeniem obj\u0119li: Starosta Z\u0142otowski, Starosta S\u0119pole\u0144ski, Starosta Pilski, Burmistrz S\u0119p\u00f3lna Kraje\u0144skiego, Burmistrz Z\u0142otowa, W\u00f3jt Gminy Lipka, Burmistrz Wi\u0119cborka, Burmistrz \u0141ob\u017cenicy, Burmistrz Miasta i Gminy Miasteczko Kraje\u0144skie, Burmistrz Wyrzyska,<br>Wszystkim serdecznie dzi\u0119kujemy za udzia\u0142 w rajdzie.<\/p>\n","protected":false},"excerpt":{"rendered":"<p>W s\u0142oneczn\u0105 sobot\u0119, 27 maja, odby\u0142a si\u0119 kolejna edycja rajdu rowerowego BIKE KRAJNA. W wydarzeniu&#8230;<\/p>\n","protected":false},"author":1,"featured_media":0,"comment_status":"open","ping_status":"open","sticky":false,"template":"","format":"standard","meta":{"om_disable_all_campaigns":false,"_monsterinsights_skip_tracking":false,"_monsterinsights_sitenote_active":false,"_monsterinsights_sitenote_note":"","_monsterinsights_sitenote_category":0,"footnotes":""},"categories":[1],"tags":[],"class_list":["post-565","post","type-post","status-publish","format-standard","hentry","category-aktualnosci"],"aioseo_notices":[],"_links":{"self":[{"href":"https:\/\/naszakrajna.org\/index.php\/wp-json\/wp\/v2\/posts\/565","targetHints":{"allow":["GET"]}}],"collection":[{"href":"https:\/\/naszakrajna.org\/index.php\/wp-json\/wp\/v2\/posts"}],"about":[{"href":"https:\/\/naszakrajna.org\/index.php\/wp-json\/wp\/v2\/types\/post"}],"author":[{"embeddable":true,"href":"https:\/\/naszakrajna.org\/index.php\/wp-json\/wp\/v2\/users\/1"}],"replies":[{"embeddable":true,"href":"https:\/\/naszakrajna.org\/index.php\/wp-json\/wp\/v2\/comments?post=565"}],"version-history":[{"count":1,"href":"https:\/\/naszakrajna.org\/index.php\/wp-json\/wp\/v2\/posts\/565\/revisions"}],"predecessor-version":[{"id":566,"href":"https:\/\/naszakrajna.org\/index.php\/wp-json\/wp\/v2\/posts\/565\/revisions\/566"}],"wp:attachment":[{"href":"https:\/\/naszakrajna.org\/index.php\/wp-json\/wp\/v2\/media?parent=565"}],"wp:term":[{"taxonomy":"category","embeddable":true,"href":"https:\/\/naszakrajna.org\/index.php\/wp-json\/wp\/v2\/categories?post=565"},{"taxonomy":"post_tag","embeddable":true,"href":"https:\/\/naszakrajna.org\/index.php\/wp-json\/wp\/v2\/tags?post=565"}],"curies":[{"name":"wp","href":"https:\/\/api.w.org\/{rel}","templated":true}]}}