{"id":549,"date":"2023-06-20T22:12:33","date_gmt":"2023-06-20T21:12:33","guid":{"rendered":"http:\/\/naszakrajna.org\/?p=549"},"modified":"2023-06-20T22:12:35","modified_gmt":"2023-06-20T21:12:35","slug":"obchody-15-lecia-stowarzyszenia","status":"publish","type":"post","link":"https:\/\/naszakrajna.org\/index.php\/2023\/06\/20\/obchody-15-lecia-stowarzyszenia\/","title":{"rendered":"Obchody 15-lecia Stowarzyszenia"},"content":{"rendered":"\n<p><strong>Szanowni Pa\u0144stwo.<br><\/strong><br>Stowarzyszenie NASZA KRAJNA serdecznie zaprasza do udzia\u0142u w<br>uroczystych obchodach 15-lecia Stowarzyszenia kt\u00f3re odb\u0119d\u0105 si\u0119 \u00a0<br>30 czerwca 2023 r. (pi\u0105tek) o godzinie 16:00<br>na Pla\u017cy nad Jeziorem Mochel ul. Jeziorna, Kamie\u0144 Kraje\u0144ski<br>w programie:<br>16:00 \u2013 17:00 Powitanie.<br>Wr\u0119czenie podzi\u0119kowa\u0144 dla wyr\u00f3\u017cnionych os\u00f3b.<br>Wyst\u0105pienia zaproszonych go\u015bci.<br>Pocz\u0119stunek jubileuszowym tortem.<br>17:00 \u2013 19:30 Cz\u0119\u015b\u0107 artystyczna.<br>Wyst\u0119py artystyczne i pokazy talent\u00f3w<br>z obszaru LGD oraz go\u015bci z Ukrainy.<br>19:30 Gwiazda wieczoru \u2013 Jacek Silski.<\/p>\n\n\n\n<p>Podczas obchod\u00f3w odb\u0119dzie si\u0119 degustacja potraw i przysmak\u00f3w, pocz\u0119stunek na wolnym powietrzu dla wszystkich obecnych, pokazy OSP oraz moc innych atrakcji dla dzieci.<\/p>\n\n\n\n<figure class=\"wp-block-image size-large\"><img loading=\"lazy\" decoding=\"async\" width=\"724\" height=\"1024\" src=\"http:\/\/naszakrajna.org\/wp-content\/uploads\/2023\/06\/S22C-6e23062008540-724x1024.jpg\" alt=\"\" class=\"wp-image-550\" srcset=\"https:\/\/naszakrajna.org\/wp-content\/uploads\/2023\/06\/S22C-6e23062008540-724x1024.jpg 724w, https:\/\/naszakrajna.org\/wp-content\/uploads\/2023\/06\/S22C-6e23062008540-212x300.jpg 212w, https:\/\/naszakrajna.org\/wp-content\/uploads\/2023\/06\/S22C-6e23062008540.jpg 745w\" sizes=\"auto, (max-width: 724px) 100vw, 724px\" \/><\/figure>\n","protected":false},"excerpt":{"rendered":"<p>Szanowni Pa\u0144stwo.Stowarzyszenie NASZA KRAJNA serdecznie zaprasza do udzia\u0142u wuroczystych obchodach 15-lecia Stowarzyszenia kt\u00f3re odb\u0119d\u0105 si\u0119&#8230;<\/p>\n","protected":false},"author":1,"featured_media":0,"comment_status":"open","ping_status":"open","sticky":false,"template":"","format":"standard","meta":{"om_disable_all_campaigns":false,"_monsterinsights_skip_tracking":false,"_monsterinsights_sitenote_active":false,"_monsterinsights_sitenote_note":"","_monsterinsights_sitenote_category":0,"footnotes":""},"categories":[1],"tags":[],"class_list":["post-549","post","type-post","status-publish","format-standard","hentry","category-aktualnosci"],"aioseo_notices":[],"_links":{"self":[{"href":"https:\/\/naszakrajna.org\/index.php\/wp-json\/wp\/v2\/posts\/549","targetHints":{"allow":["GET"]}}],"collection":[{"href":"https:\/\/naszakrajna.org\/index.php\/wp-json\/wp\/v2\/posts"}],"about":[{"href":"https:\/\/naszakrajna.org\/index.php\/wp-json\/wp\/v2\/types\/post"}],"author":[{"embeddable":true,"href":"https:\/\/naszakrajna.org\/index.php\/wp-json\/wp\/v2\/users\/1"}],"replies":[{"embeddable":true,"href":"https:\/\/naszakrajna.org\/index.php\/wp-json\/wp\/v2\/comments?post=549"}],"version-history":[{"count":1,"href":"https:\/\/naszakrajna.org\/index.php\/wp-json\/wp\/v2\/posts\/549\/revisions"}],"predecessor-version":[{"id":551,"href":"https:\/\/naszakrajna.org\/index.php\/wp-json\/wp\/v2\/posts\/549\/revisions\/551"}],"wp:attachment":[{"href":"https:\/\/naszakrajna.org\/index.php\/wp-json\/wp\/v2\/media?parent=549"}],"wp:term":[{"taxonomy":"category","embeddable":true,"href":"https:\/\/naszakrajna.org\/index.php\/wp-json\/wp\/v2\/categories?post=549"},{"taxonomy":"post_tag","embeddable":true,"href":"https:\/\/naszakrajna.org\/index.php\/wp-json\/wp\/v2\/tags?post=549"}],"curies":[{"name":"wp","href":"https:\/\/api.w.org\/{rel}","templated":true}]}}