{"id":50,"date":"2022-06-21T10:23:00","date_gmt":"2022-06-21T09:23:00","guid":{"rendered":"http:\/\/naszakrajna.org2\/?p=50"},"modified":"2023-03-06T10:23:38","modified_gmt":"2023-03-06T09:23:38","slug":"umowa-z-ksow","status":"publish","type":"post","link":"https:\/\/naszakrajna.org\/index.php\/2022\/06\/21\/umowa-z-ksow\/","title":{"rendered":"Umowa z KSOW"},"content":{"rendered":"\n<p>We wtorek \u00a0(14 czerwca) w Urz\u0119dzie Marsza\u0142kowskim odby\u0142o si\u0119 podpisanie umowy \u00a0zawartej mi\u0119dzy Zarz\u0105dem Wojew\u00f3dztwa a LGD. Zarz\u0105d Stowarzyszenia NASZA KRAJNA podpisa\u0142 umow\u0119 w ramach Planu Dzia\u0142ania Krajowej Sieci Obszar\u00f3w Wiejskich na lata 2014\u00a0\u2013\u00a02020 na realizacj\u0119 projektu \u201eEfekty wdra\u017cania Lokalnych Strategii Rozwoju na terenie wojew\u00f3dztwa kujawsko-pomorskiego\u201d. Dofinansowanie ze \u015brodk\u00f3w Europejskiego Funduszu Rolnego na Rzecz Rozwoju Obszar\u00f3w Wiejskich wyniesie 55 tysi\u0119cy z\u0142otych. Przekazane \u015brodki pos\u0142u\u017c\u0105 do przygotowania i przeprowadzenia seminarium oraz wyjazdu studyjnego po\u015bwi\u0119conych zagadnieniom wdra\u017cania LSR i efekt\u00f3w jakie przynosz\u0105 inicjatywy podejmowane przez Lokalne Grupy Dzia\u0142ania. Realizacja odb\u0119dzie si\u0119 we wrze\u015bniu, a uczestnikami b\u0119d\u0105 przedstawiciele wszystkich Lokalnych Grup Dzia\u0142ania z terenu naszego wojew\u00f3dztwa.\u00a0<\/p>\n","protected":false},"excerpt":{"rendered":"<p>We wtorek \u00a0(14 czerwca) w Urz\u0119dzie Marsza\u0142kowskim odby\u0142o si\u0119 podpisanie umowy \u00a0zawartej mi\u0119dzy Zarz\u0105dem Wojew\u00f3dztwa&#8230;<\/p>\n","protected":false},"author":1,"featured_media":0,"comment_status":"open","ping_status":"open","sticky":false,"template":"","format":"standard","meta":{"om_disable_all_campaigns":false,"_monsterinsights_skip_tracking":false,"_monsterinsights_sitenote_active":false,"_monsterinsights_sitenote_note":"","_monsterinsights_sitenote_category":0,"footnotes":""},"categories":[1],"tags":[],"class_list":["post-50","post","type-post","status-publish","format-standard","hentry","category-aktualnosci"],"aioseo_notices":[],"_links":{"self":[{"href":"https:\/\/naszakrajna.org\/index.php\/wp-json\/wp\/v2\/posts\/50","targetHints":{"allow":["GET"]}}],"collection":[{"href":"https:\/\/naszakrajna.org\/index.php\/wp-json\/wp\/v2\/posts"}],"about":[{"href":"https:\/\/naszakrajna.org\/index.php\/wp-json\/wp\/v2\/types\/post"}],"author":[{"embeddable":true,"href":"https:\/\/naszakrajna.org\/index.php\/wp-json\/wp\/v2\/users\/1"}],"replies":[{"embeddable":true,"href":"https:\/\/naszakrajna.org\/index.php\/wp-json\/wp\/v2\/comments?post=50"}],"version-history":[{"count":1,"href":"https:\/\/naszakrajna.org\/index.php\/wp-json\/wp\/v2\/posts\/50\/revisions"}],"predecessor-version":[{"id":51,"href":"https:\/\/naszakrajna.org\/index.php\/wp-json\/wp\/v2\/posts\/50\/revisions\/51"}],"wp:attachment":[{"href":"https:\/\/naszakrajna.org\/index.php\/wp-json\/wp\/v2\/media?parent=50"}],"wp:term":[{"taxonomy":"category","embeddable":true,"href":"https:\/\/naszakrajna.org\/index.php\/wp-json\/wp\/v2\/categories?post=50"},{"taxonomy":"post_tag","embeddable":true,"href":"https:\/\/naszakrajna.org\/index.php\/wp-json\/wp\/v2\/tags?post=50"}],"curies":[{"name":"wp","href":"https:\/\/api.w.org\/{rel}","templated":true}]}}