{"id":23,"date":"2022-12-13T10:14:00","date_gmt":"2022-12-13T09:14:00","guid":{"rendered":"http:\/\/naszakrajna.org2\/?p=23"},"modified":"2023-03-06T10:15:45","modified_gmt":"2023-03-06T09:15:45","slug":"powiatowa-wystawa-krajenskich-stolow-wigilijnych-sepolno-krajenskie-10-12-2022-r-2","status":"publish","type":"post","link":"https:\/\/naszakrajna.org\/index.php\/2022\/12\/13\/powiatowa-wystawa-krajenskich-stolow-wigilijnych-sepolno-krajenskie-10-12-2022-r-2\/","title":{"rendered":"Powiatowa Wystawa Kraje\u0144skich Sto\u0142\u00f3w Wigilijnych \u2013 S\u0119p\u00f3lno Kraje\u0144skie 10.12.2022 r."},"content":{"rendered":"\n<p>W sobot\u0119 10 grudnia 2022 roku w Hali KRAJNA ARENA w S\u0119p\u00f3lnie Kraje\u0144skim, po dwuletniej przerwie odby\u0142a si\u0119 Powiatowa Wystawa Kraje\u0144skich Sto\u0142\u00f3w Wigilijnych. Gospodarzem tegorocznej wystawy by\u0142a Gmina S\u0119p\u00f3lno Kraje\u0144skie.&nbsp;Celem uroczysto\u015bci by\u0142a promocja kultury i tradycji \u015awi\u0105t Bo\u017cego Narodzenia.<\/p>\n\n\n\n<p>Spotkanie mia\u0142o charakter wystawy tradycyjnych Kraje\u0144skich Sto\u0142\u00f3w Wigilijnych po\u0142\u0105czonej z degustacj\u0105 lokalnych produkt\u00f3w charakterystycznych dla \u015bwi\u0105t Bo\u017cego Narodzenia. Wystawie sto\u0142\u00f3w towarzyszy\u0142a prezentacja ozd\u00f3b i stroik\u00f3w \u015bwi\u0105tecznych wykonanych przez lokalnych tw\u00f3rc\u00f3w oraz wyst\u0119py artystyczne. Wydarzenie mia\u0142o charakter og\u00f3lnodost\u0119pny i nieodp\u0142atny. Tradycyjnie ju\u017c Ko\u0142a Gospody\u0144 Wiejskich, szko\u0142y z terenu powiatu przygotowa\u0142y mn\u00f3stwo przepysznych, tradycyjnych da\u0144 i potraw zwi\u0105zanych ze \u015bwi\u0119tami Bo\u017cego Narodzenia.<br>Tym razem gmin\u0119 Kamie\u0144 Kraje\u0144ski reprezentowa\u0142o Ko\u0142o Gospody\u0144 Wiejskich Zamarte, gmin\u0119 S\u0119p\u00f3lno Kraje\u0144skie&nbsp;\u2013&nbsp;Ko\u0142o Gospody\u0144 Wiejskich Dziechowo, gmin\u0119 Wi\u0119cbork&nbsp;\u2013&nbsp;Ko\u0142o Gospody\u0144 Wiejskich Zakrzewska Osada oraz&nbsp;Dom Pomocy Spo\u0142ecznej w Suchor\u0105czku, a gmin\u0119 So\u015bno&nbsp;\u2013&nbsp;Ko\u0142o Gospody\u0144 Wiejskich Wielowicz. Na sto\u0142ach nie brakowa\u0142o smacznie przyrz\u0105dzonych i pi\u0119knie przystrojonych potraw \u015bwi\u0105tecznych. Mi\u0119dzy innymi kr\u00f3lowa\u0142 tradycyjny barszcz czerwony z uszkami, pierogi z kapust\u0105 i grzybami, ryby, paszteciki oraz krokiety. Na Powiatowej Wystawie Kraje\u0144skich Sto\u0142\u00f3w Wigilijnych go\u015bci\u0142a Pani dyrektor Departamentu Rozwoju Obszar\u00f3w<br>Wiejskich Urz\u0119du Marsza\u0142kowskiego Wojew\u00f3dztwa Kujawsko-Pomorskiego &#8211;&nbsp;El\u017cbieta Siemi\u0105tkowska. Nasze Stowarzyszenie oraz samorz\u0105dy z terenu powiatu s\u0119pole\u0144skiego za po\u015brednictwem tego departamentu, wdra\u017ca wiele projekt\u00f3w wp\u0142ywaj\u0105cych na atrakcyjno\u015b\u0107 i jako\u015b\u0107 \u017cycia mieszka\u0144c\u00f3w naszej Krajny.<\/p>\n\n\n\n<p>Zdj\u0119cia dost\u0119pne w galerii.<\/p>\n","protected":false},"excerpt":{"rendered":"<p>W sobot\u0119 10 grudnia 2022 roku w Hali KRAJNA ARENA w S\u0119p\u00f3lnie Kraje\u0144skim, po dwuletniej&#8230;<\/p>\n","protected":false},"author":1,"featured_media":0,"comment_status":"open","ping_status":"open","sticky":false,"template":"","format":"standard","meta":{"om_disable_all_campaigns":false,"_monsterinsights_skip_tracking":false,"_monsterinsights_sitenote_active":false,"_monsterinsights_sitenote_note":"","_monsterinsights_sitenote_category":0,"footnotes":""},"categories":[1],"tags":[],"class_list":["post-23","post","type-post","status-publish","format-standard","hentry","category-aktualnosci"],"aioseo_notices":[],"_links":{"self":[{"href":"https:\/\/naszakrajna.org\/index.php\/wp-json\/wp\/v2\/posts\/23","targetHints":{"allow":["GET"]}}],"collection":[{"href":"https:\/\/naszakrajna.org\/index.php\/wp-json\/wp\/v2\/posts"}],"about":[{"href":"https:\/\/naszakrajna.org\/index.php\/wp-json\/wp\/v2\/types\/post"}],"author":[{"embeddable":true,"href":"https:\/\/naszakrajna.org\/index.php\/wp-json\/wp\/v2\/users\/1"}],"replies":[{"embeddable":true,"href":"https:\/\/naszakrajna.org\/index.php\/wp-json\/wp\/v2\/comments?post=23"}],"version-history":[{"count":1,"href":"https:\/\/naszakrajna.org\/index.php\/wp-json\/wp\/v2\/posts\/23\/revisions"}],"predecessor-version":[{"id":24,"href":"https:\/\/naszakrajna.org\/index.php\/wp-json\/wp\/v2\/posts\/23\/revisions\/24"}],"wp:attachment":[{"href":"https:\/\/naszakrajna.org\/index.php\/wp-json\/wp\/v2\/media?parent=23"}],"wp:term":[{"taxonomy":"category","embeddable":true,"href":"https:\/\/naszakrajna.org\/index.php\/wp-json\/wp\/v2\/categories?post=23"},{"taxonomy":"post_tag","embeddable":true,"href":"https:\/\/naszakrajna.org\/index.php\/wp-json\/wp\/v2\/tags?post=23"}],"curies":[{"name":"wp","href":"https:\/\/api.w.org\/{rel}","templated":true}]}}