{"id":2083,"date":"2026-09-01T07:35:01","date_gmt":"2026-09-01T06:35:01","guid":{"rendered":"https:\/\/naszakrajna.org\/?p=2083"},"modified":"2026-09-01T07:35:03","modified_gmt":"2026-09-01T06:35:03","slug":"dozynki-powiatowo-gminne-2026-w-sepolnie-krajenskim-29-08-2026","status":"publish","type":"post","link":"https:\/\/naszakrajna.org\/index.php\/2026\/09\/01\/dozynki-powiatowo-gminne-2026-w-sepolnie-krajenskim-29-08-2026\/","title":{"rendered":"Do\u017cynki Powiatowo-Gminne 2026 w S\u0119p\u00f3lnie Kraje\u0144skim \u2013 29.08.2026"},"content":{"rendered":"\n<p class=\"wp-block-paragraph\"><strong>29 sierpnia 2026 roku S\u0119p\u00f3lno Kraje\u0144skie by\u0142o gospodarzem tegorocznych Do\u017cynek Powiatowo-Gminnych.<\/strong>&nbsp;\u015awi\u0119to plon\u00f3w to wyj\u0105tkowy czas wdzi\u0119czno\u015bci za zebrane plony oraz okazja do wsp\u00f3lnego \u015bwi\u0119towania rolnik\u00f3w, pszczelarzy, dzia\u0142kowc\u00f3w, mieszka\u0144c\u00f3w i gospodarzy.<\/p>\n\n\n\n<p class=\"wp-block-paragraph\">Starostami tegorocznych do\u017cynek byli&nbsp;<strong>Justyna Spycha\u0142a z Wilkowa oraz Rafa\u0142 Adamczak ze \u015awidwia<\/strong>.<\/p>\n\n\n\n<p class=\"wp-block-paragraph\">Uroczysto\u015bci rozpocz\u0119\u0142y si\u0119 od&nbsp;<strong>mszy \u015bwi\u0119tej<\/strong>, po kt\u00f3rej barwny korow\u00f3d do\u017cynkowy przeszed\u0142 ulicami miasta do&nbsp;<strong>KRAJNA PARKU<\/strong>, gdzie kontynuowano wsp\u00f3lne \u015bwi\u0119towanie.<\/p>\n\n\n\n<p class=\"wp-block-paragraph\">Wa\u017cnym elementem uroczysto\u015bci by\u0142o wr\u0119czenie&nbsp;<strong>nagr\u00f3d Starosty S\u0119pole\u0144skiego<\/strong>&nbsp;wyr\u00f3\u017cniaj\u0105cym si\u0119 rolnikom. S\u0142owa uznania i podzi\u0119kowania skierowano r\u00f3wnie\u017c do&nbsp;<strong>pa\u0144 z K\u00f3\u0142 Gospody\u0144 Wiejskich<\/strong>, kt\u00f3re przygotowa\u0142y okaza\u0142e i pi\u0119kne wie\u0144ce do\u017cynkowe. Du\u017cym zainteresowaniem cieszy\u0142y si\u0119 tak\u017ce pomys\u0142owe&nbsp;<strong>witacze do\u017cynkowe<\/strong>, przygotowane przez mieszka\u0144c\u00f3w i zdobi\u0105ce okolic\u0119 podczas \u015bwi\u0119ta plon\u00f3w.<\/p>\n\n\n\n<p class=\"wp-block-paragraph\">Opraw\u0119 artystyczn\u0105 wydarzenia wzbogaci\u0142 wyst\u0119p&nbsp;<strong>Zespo\u0142u Folklorystycznego Dworek Polski z Chojnic<\/strong>, kt\u00f3ry kultywuje tradycje polskiego folkloru, ta\u0144c\u00f3w narodowych i historycznych. Muzycznym zwie\u0144czeniem uroczysto\u015bci by\u0142 koncert zespo\u0142u&nbsp;<strong>EXAITED<\/strong>.<\/p>\n\n\n\n<p class=\"wp-block-paragraph\">Na uczestnik\u00f3w czeka\u0142o wiele dodatkowych atrakcji \u2013&nbsp;<strong>strefa ze swojskim jad\u0142em, dmuchane zamki, animacje oraz konkursy dla dzieci<\/strong>. Nie zabrak\u0142o r\u00f3wnie\u017c okazji do rozm\u00f3w, spotka\u0144 i wsp\u00f3lnego sp\u0119dzenia czasu w atmosferze rado\u015bci i \u015bwi\u0119towania.<\/p>\n\n\n\n<p class=\"wp-block-paragraph\">Podczas do\u017cynek obecna by\u0142a tak\u017ce&nbsp;<strong>Lokalna Grupa Dzia\u0142ania Stowarzyszenie NASZA KRAJNA<\/strong>, kt\u00f3ra prowadzi\u0142a&nbsp;<strong>Mobilny Punkt Informacyjny<\/strong>. Zainteresowani mogli uzyska\u0107 informacje dotycz\u0105ce dzia\u0142alno\u015bci i mo\u017cliwo\u015bci oferowanych przez LGD. Na odwiedzaj\u0105cych czeka\u0142 r\u00f3wnie\u017c pyszny, tradycyjny&nbsp;<strong>\u017curek oraz s\u0142odki pocz\u0119stunek<\/strong>.<\/p>\n\n\n\n<p class=\"wp-block-paragraph\">Tegoroczne do\u017cynki zgromadzi\u0142y&nbsp;<strong>co najmniej 500 uczestnik\u00f3w<\/strong>, a&nbsp;<strong>Mobilny Punkt Informacyjny odwiedzi\u0142o ponad 100 os\u00f3b<\/strong>.<\/p>\n\n\n\n<p class=\"wp-block-paragraph\">Dzi\u0119kujemy wszystkim, kt\u00f3rzy odwiedzili nasze stoisko, skorzystali z przygotowanych informacji i pocz\u0119stunku oraz wsp\u00f3lnie z nami celebrowali to pi\u0119kne, lokalne \u015bwi\u0119to.<\/p>\n\n\n\n<p class=\"wp-block-paragraph\"><strong>Do zobaczenia podczas kolejnych wydarze\u0144!<\/strong><\/p>\n","protected":false},"excerpt":{"rendered":"<p>29 sierpnia 2026 roku S\u0119p\u00f3lno Kraje\u0144skie by\u0142o gospodarzem tegorocznych Do\u017cynek Powiatowo-Gminnych.&nbsp;\u015awi\u0119to plon\u00f3w to wyj\u0105tkowy czas&#8230;<\/p>\n","protected":false},"author":1,"featured_media":0,"comment_status":"closed","ping_status":"open","sticky":false,"template":"","format":"standard","meta":{"om_disable_all_campaigns":false,"_monsterinsights_skip_tracking":false,"footnotes":""},"categories":[1],"tags":[],"class_list":["post-2083","post","type-post","status-publish","format-standard","hentry","category-aktualnosci"],"aioseo_notices":[],"_links":{"self":[{"href":"https:\/\/naszakrajna.org\/index.php\/wp-json\/wp\/v2\/posts\/2083","targetHints":{"allow":["GET"]}}],"collection":[{"href":"https:\/\/naszakrajna.org\/index.php\/wp-json\/wp\/v2\/posts"}],"about":[{"href":"https:\/\/naszakrajna.org\/index.php\/wp-json\/wp\/v2\/types\/post"}],"author":[{"embeddable":true,"href":"https:\/\/naszakrajna.org\/index.php\/wp-json\/wp\/v2\/users\/1"}],"replies":[{"embeddable":true,"href":"https:\/\/naszakrajna.org\/index.php\/wp-json\/wp\/v2\/comments?post=2083"}],"version-history":[{"count":1,"href":"https:\/\/naszakrajna.org\/index.php\/wp-json\/wp\/v2\/posts\/2083\/revisions"}],"predecessor-version":[{"id":2084,"href":"https:\/\/naszakrajna.org\/index.php\/wp-json\/wp\/v2\/posts\/2083\/revisions\/2084"}],"wp:attachment":[{"href":"https:\/\/naszakrajna.org\/index.php\/wp-json\/wp\/v2\/media?parent=2083"}],"wp:term":[{"taxonomy":"category","embeddable":true,"href":"https:\/\/naszakrajna.org\/index.php\/wp-json\/wp\/v2\/categories?post=2083"},{"taxonomy":"post_tag","embeddable":true,"href":"https:\/\/naszakrajna.org\/index.php\/wp-json\/wp\/v2\/tags?post=2083"}],"curies":[{"name":"wp","href":"https:\/\/api.w.org\/{rel}","templated":true}]}}