{"id":2064,"date":"2026-08-19T13:25:56","date_gmt":"2026-08-19T12:25:56","guid":{"rendered":"https:\/\/naszakrajna.org\/?p=2064"},"modified":"2026-08-19T13:25:59","modified_gmt":"2026-08-19T12:25:59","slug":"informacja-z-posiedzenia-rady-decyzyjnej-stowarzyszenia-nasza-krajna-6","status":"publish","type":"post","link":"https:\/\/naszakrajna.org\/index.php\/2026\/08\/19\/informacja-z-posiedzenia-rady-decyzyjnej-stowarzyszenia-nasza-krajna-6\/","title":{"rendered":"Informacja z posiedzenia Rady Decyzyjnej Stowarzyszenia NASZA KRAJNA"},"content":{"rendered":"\n<p class=\"wp-block-paragraph\">Dnia 5 i 6 sierpnia 2026 roku w S\u0119p\u00f3lnie Kraje\u0144skim w budynku Centrum Aktywno\u015bci Spo\u0142ecznej, ulica Jeziorna 6, odby\u0142o si\u0119 posiedzenie Rady Decyzyjnej po\u015bwi\u0119cone ocenie wniosk\u00f3w o przyznanie pomocy w naborze nr LGD: 1\/2026\/PSWPR Przedmiot naboru wniosk\u00f3w o wsparcie: Rozw\u00f3j przedsi\u0119biorczo\u015bci poprzez rozwijanie pozarolniczej dzia\u0142alno\u015bci gospodarczej (Rozw\u00f3j DG) W ramach celu: Rozw\u00f3j przedsi\u0119biorczo\u015bci na obszarze LSR w ramach przedsi\u0119wzi\u0119cia: Przedsi\u0119biorcza NASZA KRAJNA.<\/p>\n\n\n\n<p class=\"wp-block-paragraph\">Dokumenty do pobrania:<\/p>\n\n\n\n<div class=\"wp-block-file\"><a id=\"wp-block-file--media-c7defe0f-b473-4aa2-888a-7531bb5291b3\" href=\"https:\/\/naszakrajna.org\/wp-content\/uploads\/2026\/08\/protokol_rozwoj.pdf\">Protok\u00f3\u0142 RozwojDG<\/a><a href=\"https:\/\/naszakrajna.org\/wp-content\/uploads\/2026\/08\/protokol_rozwoj.pdf\" class=\"wp-block-file__button wp-element-button\" download aria-describedby=\"wp-block-file--media-c7defe0f-b473-4aa2-888a-7531bb5291b3\">Pobierz<\/a><\/div>\n\n\n\n<div class=\"wp-block-file\"><a id=\"wp-block-file--media-d3715546-4456-4341-916b-2406785d32d6\" href=\"https:\/\/naszakrajna.org\/wp-content\/uploads\/2026\/08\/lista_RDG.pdf\">Uchwa\u0142a  Lista operacji wybranych<\/a><a href=\"https:\/\/naszakrajna.org\/wp-content\/uploads\/2026\/08\/lista_RDG.pdf\" class=\"wp-block-file__button wp-element-button\" download aria-describedby=\"wp-block-file--media-d3715546-4456-4341-916b-2406785d32d6\">Pobierz<\/a><\/div>\n","protected":false},"excerpt":{"rendered":"<p>Dnia 5 i 6 sierpnia 2026 roku w S\u0119p\u00f3lnie Kraje\u0144skim w budynku Centrum Aktywno\u015bci Spo\u0142ecznej,&#8230;<\/p>\n","protected":false},"author":1,"featured_media":0,"comment_status":"closed","ping_status":"open","sticky":false,"template":"","format":"standard","meta":{"om_disable_all_campaigns":false,"_monsterinsights_skip_tracking":false,"footnotes":""},"categories":[11],"tags":[],"class_list":["post-2064","post","type-post","status-publish","format-standard","hentry","category-nabory"],"aioseo_notices":[],"_links":{"self":[{"href":"https:\/\/naszakrajna.org\/index.php\/wp-json\/wp\/v2\/posts\/2064","targetHints":{"allow":["GET"]}}],"collection":[{"href":"https:\/\/naszakrajna.org\/index.php\/wp-json\/wp\/v2\/posts"}],"about":[{"href":"https:\/\/naszakrajna.org\/index.php\/wp-json\/wp\/v2\/types\/post"}],"author":[{"embeddable":true,"href":"https:\/\/naszakrajna.org\/index.php\/wp-json\/wp\/v2\/users\/1"}],"replies":[{"embeddable":true,"href":"https:\/\/naszakrajna.org\/index.php\/wp-json\/wp\/v2\/comments?post=2064"}],"version-history":[{"count":2,"href":"https:\/\/naszakrajna.org\/index.php\/wp-json\/wp\/v2\/posts\/2064\/revisions"}],"predecessor-version":[{"id":2068,"href":"https:\/\/naszakrajna.org\/index.php\/wp-json\/wp\/v2\/posts\/2064\/revisions\/2068"}],"wp:attachment":[{"href":"https:\/\/naszakrajna.org\/index.php\/wp-json\/wp\/v2\/media?parent=2064"}],"wp:term":[{"taxonomy":"category","embeddable":true,"href":"https:\/\/naszakrajna.org\/index.php\/wp-json\/wp\/v2\/categories?post=2064"},{"taxonomy":"post_tag","embeddable":true,"href":"https:\/\/naszakrajna.org\/index.php\/wp-json\/wp\/v2\/tags?post=2064"}],"curies":[{"name":"wp","href":"https:\/\/api.w.org\/{rel}","templated":true}]}}