{"id":1907,"date":"2026-04-24T14:08:45","date_gmt":"2026-04-24T13:08:45","guid":{"rendered":"https:\/\/naszakrajna.org\/?p=1907"},"modified":"2026-04-24T14:09:58","modified_gmt":"2026-04-24T13:09:58","slug":"posiedzenie-rady-decyzyjnej-stowarzyszenia-nasza-krajna-7","status":"publish","type":"post","link":"https:\/\/naszakrajna.org\/index.php\/2026\/04\/24\/posiedzenie-rady-decyzyjnej-stowarzyszenia-nasza-krajna-7\/","title":{"rendered":"POSIEDZENIE RADY DECYZYJNEJ Stowarzyszenia NASZA KRAJNA"},"content":{"rendered":"\n<p>Stowarzyszenie NASZA KRAJNA informuje, \u017ce dnia\u00a06 maja 2026\u00a0roku od godziny 7.30 w S\u0119p\u00f3lnie Kraje\u0144skim w budynku Centrum Aktywno\u015bci Spo\u0142ecznej, ulica Jeziorna 6, odb\u0119dzie si\u0119 posiedzenie Rady Decyzyjnej po\u015bwi\u0119cone procedurze oceny wniosk\u00f3w o powierzenie grant\u00f3w w zakresie: cel og\u00f3lny LSR: Pobudzenie aktywno\u015bci spo\u0142ecznej mieszka\u0144c\u00f3w. Przedsi\u0119wzi\u0119cie LSR: Integracja spo\u0142eczna mieszka\u0144c\u00f3w obszaru LGD NASZA KRAJNA, w ramach programu Fundusze Europejskie dla Kujaw i Pomorza na lata 2021-2027<\/p>\n\n\n\n<p>Priorytet: 7 Fundusze europejskie na rozw\u00f3j lokalny<\/p>\n\n\n\n<p>Dzia\u0142anie: 07.04 \u2013 Wspieranie integracji spo\u0142ecznej os\u00f3b zagro\u017conych ub\u00f3stwem lub wykluczeniem spo\u0142ecznym, w tym os\u00f3b najbardziej potrzebuj\u0105cych i dzieci z\u0142o\u017conych w konkursie 1\/2026\/EFS+ do LGD Stowarzyszenie NASZA KRAJNA;<\/p>\n\n\n\n<p>Dzia\u0142anie: FEKP.07.01 Prze\u0142amywanie stereotyp\u00f3w zwi\u0105zanych z p\u0142ci\u0105 z\u0142o\u017conych w konkursie 2\/2026\/EFS+ do LGD Stowarzyszenie NASZA KRAJNA.<\/p>\n","protected":false},"excerpt":{"rendered":"<p>Stowarzyszenie NASZA KRAJNA informuje, \u017ce dnia\u00a06 maja 2026\u00a0roku od godziny 7.30 w S\u0119p\u00f3lnie Kraje\u0144skim w&#8230;<\/p>\n","protected":false},"author":1,"featured_media":0,"comment_status":"closed","ping_status":"open","sticky":false,"template":"","format":"standard","meta":{"om_disable_all_campaigns":false,"_monsterinsights_skip_tracking":false,"_monsterinsights_sitenote_active":false,"_monsterinsights_sitenote_note":"","_monsterinsights_sitenote_category":0,"footnotes":""},"categories":[11],"tags":[],"class_list":["post-1907","post","type-post","status-publish","format-standard","hentry","category-nabory"],"aioseo_notices":[],"_links":{"self":[{"href":"https:\/\/naszakrajna.org\/index.php\/wp-json\/wp\/v2\/posts\/1907","targetHints":{"allow":["GET"]}}],"collection":[{"href":"https:\/\/naszakrajna.org\/index.php\/wp-json\/wp\/v2\/posts"}],"about":[{"href":"https:\/\/naszakrajna.org\/index.php\/wp-json\/wp\/v2\/types\/post"}],"author":[{"embeddable":true,"href":"https:\/\/naszakrajna.org\/index.php\/wp-json\/wp\/v2\/users\/1"}],"replies":[{"embeddable":true,"href":"https:\/\/naszakrajna.org\/index.php\/wp-json\/wp\/v2\/comments?post=1907"}],"version-history":[{"count":1,"href":"https:\/\/naszakrajna.org\/index.php\/wp-json\/wp\/v2\/posts\/1907\/revisions"}],"predecessor-version":[{"id":1908,"href":"https:\/\/naszakrajna.org\/index.php\/wp-json\/wp\/v2\/posts\/1907\/revisions\/1908"}],"wp:attachment":[{"href":"https:\/\/naszakrajna.org\/index.php\/wp-json\/wp\/v2\/media?parent=1907"}],"wp:term":[{"taxonomy":"category","embeddable":true,"href":"https:\/\/naszakrajna.org\/index.php\/wp-json\/wp\/v2\/categories?post=1907"},{"taxonomy":"post_tag","embeddable":true,"href":"https:\/\/naszakrajna.org\/index.php\/wp-json\/wp\/v2\/tags?post=1907"}],"curies":[{"name":"wp","href":"https:\/\/api.w.org\/{rel}","templated":true}]}}