{"id":1904,"date":"2026-04-24T12:46:51","date_gmt":"2026-04-24T11:46:51","guid":{"rendered":"https:\/\/naszakrajna.org\/?p=1904"},"modified":"2026-04-24T12:46:53","modified_gmt":"2026-04-24T11:46:53","slug":"srodki-ue-na-wsparcia-dla-obszarow-wiejskich-w-nowej-perspektywie-finansowej-ue-2028-2034","status":"publish","type":"post","link":"https:\/\/naszakrajna.org\/index.php\/2026\/04\/24\/srodki-ue-na-wsparcia-dla-obszarow-wiejskich-w-nowej-perspektywie-finansowej-ue-2028-2034\/","title":{"rendered":"\u015arodki UE na wsparcia dla obszar\u00f3w wiejskich w nowej perspektywie finansowej UE 2028-2034"},"content":{"rendered":"\n<p>Trwaj\u0105 prace nad nowym bud\u017cetem Unii Europejskiej na lata 2028\u20132034. Dotycz\u0105 one m.in. wysoko\u015bci \u015brodk\u00f3w z funduszy UE jakie b\u0119d\u0105 dost\u0119pne dla obszar\u00f3w wiejskich, w tym \u015brodk\u00f3w jakie b\u0119d\u0105 dystrybuowane za po\u015brednictwem LGD. Dlatego powsta\u0142a wa\u017cna inicjatywa \u2013 petycja w sprawie wzmocnienia tzw.&nbsp;<em>\u201erural target\u201d<\/em>, czyli realnego i mierzalnego wsparcia dla obszar\u00f3w wiejskich w Planie Partnerstwa Krajowego i Regionalnego. Obszary wiejskie odgrywaj\u0105 kluczow\u0105 rol\u0119 w rozwoju spo\u0142ecznym, gospodarczym i terytorialnym Polski oraz ca\u0142ej Unii Europejskiej. Jednak bez wyra\u017anych zapis\u00f3w i gwarancji finansowych mog\u0105 zosta\u0107 pomini\u0119te w podziale \u015brodk\u00f3w na kolejne lata. Petycja postuluje m.in.:<\/p>\n\n\n\n<ul class=\"wp-block-list\">\n<li>przeznaczenie\u00a0<strong>minimum 30% \u015brodk\u00f3w<\/strong>\u00a0na dzia\u0142ania wspieraj\u0105ce obszary wiejskie,<\/li>\n\n\n\n<li>wzmocnienie podej\u015bcia\u00a0<strong>LEADER\/RLKS<\/strong>\u00a0jako podstawowego narz\u0119dzia rozwoju lokalnego,<\/li>\n\n\n\n<li>zapewnienie realnego wp\u0142ywu spo\u0142eczno\u015bci lokalnych na kierunki rozwoju,<\/li>\n\n\n\n<li>zagwarantowanie sp\u00f3jnej polityki wsparcia dla wsi.<\/li>\n<\/ul>\n\n\n\n<p>W zwi\u0105zku z tym zwracamy si\u0119 z pro\u015bb\u0105 o wsparcie tej inicjatywy poprzez podpisanie petycji. Ka\u017cdy podpis stanowi istotny g\u0142os w dyskusji nad kszta\u0142tem przysz\u0142ej polityki rozwoju i mo\u017ce przyczyni\u0107 si\u0119 do wzmocnienia pozycji obszar\u00f3w wiejskich w dokumentach strategicznych na poziomie krajowym i europejskim.<\/p>\n\n\n\n<p>Zach\u0119camy do aktywnego udzia\u0142u w procesie kszta\u0142towania przysz\u0142ych kierunk\u00f3w rozwoju obszar\u00f3w wiejskich. Poni\u017cej znajduje si\u0119 link do petycji:<\/p>\n\n\n\n<p><a href=\"https:\/\/www.petycjeonline.com\/stanowisko_w_sprawie_wzmocnienia_rural_target_w_planie_partnerstwa_krajowego_i_regionalnego_w_ramach_wrf_20282034?utm_source=web_share\" target=\"_blank\" rel=\"noreferrer noopener\">Stanowisko w sprawie wzmocnienia \u201erural target\u201d w Planie Partnerstwa Krajowego i Regionalnego w ramach WRF 2028\u20132034<\/a><\/p>\n\n\n\n<p>Po podpisaniu petycji nale\u017cy potwierdzi\u0107 sw\u00f3j g\u0142os poprzez klikni\u0119cie w link aktywacyjny przes\u0142any na adres e-mail.<\/p>\n\n\n\n<figure class=\"wp-block-image size-large\"><img loading=\"lazy\" decoding=\"async\" width=\"698\" height=\"1024\" src=\"https:\/\/naszakrajna.org\/wp-content\/uploads\/2026\/04\/260410_Plakat_LEADERCLLDWorks_poprawny_QRcode-698x1024.png\" alt=\"\" class=\"wp-image-1905\" srcset=\"https:\/\/naszakrajna.org\/wp-content\/uploads\/2026\/04\/260410_Plakat_LEADERCLLDWorks_poprawny_QRcode-698x1024.png 698w, https:\/\/naszakrajna.org\/wp-content\/uploads\/2026\/04\/260410_Plakat_LEADERCLLDWorks_poprawny_QRcode-205x300.png 205w, https:\/\/naszakrajna.org\/wp-content\/uploads\/2026\/04\/260410_Plakat_LEADERCLLDWorks_poprawny_QRcode-768x1127.png 768w, https:\/\/naszakrajna.org\/wp-content\/uploads\/2026\/04\/260410_Plakat_LEADERCLLDWorks_poprawny_QRcode.png 1024w\" sizes=\"auto, (max-width: 698px) 100vw, 698px\" \/><\/figure>\n","protected":false},"excerpt":{"rendered":"<p>Trwaj\u0105 prace nad nowym bud\u017cetem Unii Europejskiej na lata 2028\u20132034. Dotycz\u0105 one m.in. wysoko\u015bci \u015brodk\u00f3w&#8230;<\/p>\n","protected":false},"author":1,"featured_media":0,"comment_status":"closed","ping_status":"open","sticky":false,"template":"","format":"standard","meta":{"om_disable_all_campaigns":false,"_monsterinsights_skip_tracking":false,"_monsterinsights_sitenote_active":false,"_monsterinsights_sitenote_note":"","_monsterinsights_sitenote_category":0,"footnotes":""},"categories":[1],"tags":[],"class_list":["post-1904","post","type-post","status-publish","format-standard","hentry","category-aktualnosci"],"aioseo_notices":[],"_links":{"self":[{"href":"https:\/\/naszakrajna.org\/index.php\/wp-json\/wp\/v2\/posts\/1904","targetHints":{"allow":["GET"]}}],"collection":[{"href":"https:\/\/naszakrajna.org\/index.php\/wp-json\/wp\/v2\/posts"}],"about":[{"href":"https:\/\/naszakrajna.org\/index.php\/wp-json\/wp\/v2\/types\/post"}],"author":[{"embeddable":true,"href":"https:\/\/naszakrajna.org\/index.php\/wp-json\/wp\/v2\/users\/1"}],"replies":[{"embeddable":true,"href":"https:\/\/naszakrajna.org\/index.php\/wp-json\/wp\/v2\/comments?post=1904"}],"version-history":[{"count":1,"href":"https:\/\/naszakrajna.org\/index.php\/wp-json\/wp\/v2\/posts\/1904\/revisions"}],"predecessor-version":[{"id":1906,"href":"https:\/\/naszakrajna.org\/index.php\/wp-json\/wp\/v2\/posts\/1904\/revisions\/1906"}],"wp:attachment":[{"href":"https:\/\/naszakrajna.org\/index.php\/wp-json\/wp\/v2\/media?parent=1904"}],"wp:term":[{"taxonomy":"category","embeddable":true,"href":"https:\/\/naszakrajna.org\/index.php\/wp-json\/wp\/v2\/categories?post=1904"},{"taxonomy":"post_tag","embeddable":true,"href":"https:\/\/naszakrajna.org\/index.php\/wp-json\/wp\/v2\/tags?post=1904"}],"curies":[{"name":"wp","href":"https:\/\/api.w.org\/{rel}","templated":true}]}}