{"id":19,"date":"2023-02-22T10:12:00","date_gmt":"2023-02-22T09:12:00","guid":{"rendered":"http:\/\/naszakrajna.org2\/?p=19"},"modified":"2023-07-13T12:28:48","modified_gmt":"2023-07-13T11:28:48","slug":"rajd-rowerowy-bike-krajna","status":"publish","type":"post","link":"https:\/\/naszakrajna.org\/index.php\/2023\/02\/22\/rajd-rowerowy-bike-krajna\/","title":{"rendered":"Rajd rowerowy Bike Krajna"},"content":{"rendered":"\n<p>Uwaga wszyscy mi\u0142o\u015bnicy rowerowych przyg\u00f3d!<br><br>27 maja wyruszy kolejna edycja Bike Krajna, a ju\u017c teraz trwaj\u0105 zapisy na wydarzenie.&nbsp;Startuj\u0105c z S\u0119p\u00f3lna Kraje\u0144skiego do wyboru macie Pa\u0144stwo&nbsp;dwie&nbsp;d\u0142ugo\u015bci tras &#8211;&nbsp;ka\u017cda z gwarancj\u0105 doskonale sp\u0119dzonego czasu.<br><br>Zg\u0142oszenia przyjmowane s\u0105 drog\u0105 elektroniczn\u0105 poprzez platform\u0119:<br><a href=\"https:\/\/elektronicznezapisy.pl\/event\/7960.html\"><br>https:\/\/elektronicznezapisy.pl\/event\/7960.html<\/a><br>\u015awietna atmosfera, regionalne pi\u0119kno i wsp\u00f3lna aktywno\u015b\u0107 &#8211;&nbsp;brzmi zach\u0119caj\u0105co? Czekamy na Pa\u0144stwa zg\u0142oszenie!<br><br>Szczeg\u00f3\u0142y wydarzenia dost\u0119pne na platformie zapisowej.<br><br>Rajd realizowany jest w partnerstwie przez trzy lokalne grupy dzia\u0142ania &#8211;&nbsp;Krajn\u0119 Z\u0142otowsk\u0105, Nasz\u0105 Krajn\u0119 i Krajn\u0119 Nad Noteci\u0105.<br><br>Zapraszamy!<\/p>\n\n\n\n<figure class=\"wp-block-image size-full\"><img loading=\"lazy\" decoding=\"async\" width=\"745\" height=\"131\" src=\"https:\/\/naszakrajna.org\/wp-content\/uploads\/2023\/07\/4961J3L4c0N0S1T6I7l6Q0z2U8I5Z713.jpg\" alt=\"\" class=\"wp-image-589\" srcset=\"https:\/\/naszakrajna.org\/wp-content\/uploads\/2023\/07\/4961J3L4c0N0S1T6I7l6Q0z2U8I5Z713.jpg 745w, https:\/\/naszakrajna.org\/wp-content\/uploads\/2023\/07\/4961J3L4c0N0S1T6I7l6Q0z2U8I5Z713-300x53.jpg 300w\" sizes=\"auto, (max-width: 745px) 100vw, 745px\" \/><\/figure>\n","protected":false},"excerpt":{"rendered":"<p>Uwaga wszyscy mi\u0142o\u015bnicy rowerowych przyg\u00f3d! 27 maja wyruszy kolejna edycja Bike Krajna, a ju\u017c teraz&#8230;<\/p>\n","protected":false},"author":1,"featured_media":0,"comment_status":"open","ping_status":"open","sticky":false,"template":"","format":"standard","meta":{"om_disable_all_campaigns":false,"_monsterinsights_skip_tracking":false,"_monsterinsights_sitenote_active":false,"_monsterinsights_sitenote_note":"","_monsterinsights_sitenote_category":0,"footnotes":""},"categories":[1],"tags":[],"class_list":["post-19","post","type-post","status-publish","format-standard","hentry","category-aktualnosci"],"aioseo_notices":[],"_links":{"self":[{"href":"https:\/\/naszakrajna.org\/index.php\/wp-json\/wp\/v2\/posts\/19","targetHints":{"allow":["GET"]}}],"collection":[{"href":"https:\/\/naszakrajna.org\/index.php\/wp-json\/wp\/v2\/posts"}],"about":[{"href":"https:\/\/naszakrajna.org\/index.php\/wp-json\/wp\/v2\/types\/post"}],"author":[{"embeddable":true,"href":"https:\/\/naszakrajna.org\/index.php\/wp-json\/wp\/v2\/users\/1"}],"replies":[{"embeddable":true,"href":"https:\/\/naszakrajna.org\/index.php\/wp-json\/wp\/v2\/comments?post=19"}],"version-history":[{"count":2,"href":"https:\/\/naszakrajna.org\/index.php\/wp-json\/wp\/v2\/posts\/19\/revisions"}],"predecessor-version":[{"id":590,"href":"https:\/\/naszakrajna.org\/index.php\/wp-json\/wp\/v2\/posts\/19\/revisions\/590"}],"wp:attachment":[{"href":"https:\/\/naszakrajna.org\/index.php\/wp-json\/wp\/v2\/media?parent=19"}],"wp:term":[{"taxonomy":"category","embeddable":true,"href":"https:\/\/naszakrajna.org\/index.php\/wp-json\/wp\/v2\/categories?post=19"},{"taxonomy":"post_tag","embeddable":true,"href":"https:\/\/naszakrajna.org\/index.php\/wp-json\/wp\/v2\/tags?post=19"}],"curies":[{"name":"wp","href":"https:\/\/api.w.org\/{rel}","templated":true}]}}