{"id":1489,"date":"2025-05-29T13:12:34","date_gmt":"2025-05-29T12:12:34","guid":{"rendered":"https:\/\/naszakrajna.org\/?p=1489"},"modified":"2025-05-29T13:12:36","modified_gmt":"2025-05-29T12:12:36","slug":"wnioski-o-rozliczenie-grantu","status":"publish","type":"post","link":"https:\/\/naszakrajna.org\/index.php\/2025\/05\/29\/wnioski-o-rozliczenie-grantu\/","title":{"rendered":"Wnioski o rozliczenie grantu"},"content":{"rendered":"\n<p>Poni\u017cej do pobrania:<\/p>\n\n\n\n<p>Wniosek o rozliczenie grantu wersja edytowalna w ramach Dzia\u0142ania: FEKP.07.04 Wspieranie Integracji Spo\u0142ecznej (Kluby Seniora)<\/p>\n\n\n\n<div class=\"wp-block-file\"><a id=\"wp-block-file--media-6cc47d49-9123-49a6-a2d7-a1c9580f2016\" href=\"https:\/\/naszakrajna.org\/wp-content\/uploads\/2025\/01\/zal.-11-Wniosek-o-rozliczenie-grantu-wzor-KS.docx\">Wniosek o rozliczenie grantu wz\u00f3r KS<\/a><a href=\"https:\/\/naszakrajna.org\/wp-content\/uploads\/2025\/01\/zal.-11-Wniosek-o-rozliczenie-grantu-wzor-KS.docx\" class=\"wp-block-file__button wp-element-button\" download aria-describedby=\"wp-block-file--media-6cc47d49-9123-49a6-a2d7-a1c9580f2016\">Pobierz<\/a><\/div>\n\n\n\n<p>Wniosek o rozliczenie grantu wersja edytowalna w ramach Dzia\u0142ania: FEKP.07.02 Wsparcie dzieci i m\u0142odzie\u017cy poza edukacj\u0105 formaln\u0105 (Kluby M\u0142odzie\u017cowe)<\/p>\n\n\n\n<div class=\"wp-block-file\"><a id=\"wp-block-file--media-63cbe53c-8019-4e46-906d-565518622bc9\" href=\"https:\/\/naszakrajna.org\/wp-content\/uploads\/2024\/12\/zal.-11-Wniosek-o-rozliczenie-grantu-wzor-KM.docx\">Wniosek o rozliczenie grantu wz\u00f3r KM<\/a><a href=\"https:\/\/naszakrajna.org\/wp-content\/uploads\/2024\/12\/zal.-11-Wniosek-o-rozliczenie-grantu-wzor-KM.docx\" class=\"wp-block-file__button wp-element-button\" download aria-describedby=\"wp-block-file--media-63cbe53c-8019-4e46-906d-565518622bc9\">Pobierz<\/a><\/div>\n\n\n\n<p><\/p>\n","protected":false},"excerpt":{"rendered":"<p>Poni\u017cej do pobrania: Wniosek o rozliczenie grantu wersja edytowalna w ramach Dzia\u0142ania: FEKP.07.04 Wspieranie Integracji&#8230;<\/p>\n","protected":false},"author":1,"featured_media":0,"comment_status":"closed","ping_status":"open","sticky":false,"template":"","format":"standard","meta":{"om_disable_all_campaigns":false,"_monsterinsights_skip_tracking":false,"_monsterinsights_sitenote_active":false,"_monsterinsights_sitenote_note":"","_monsterinsights_sitenote_category":0,"footnotes":""},"categories":[4],"tags":[],"class_list":["post-1489","post","type-post","status-publish","format-standard","hentry","category-efs"],"aioseo_notices":[],"_links":{"self":[{"href":"https:\/\/naszakrajna.org\/index.php\/wp-json\/wp\/v2\/posts\/1489","targetHints":{"allow":["GET"]}}],"collection":[{"href":"https:\/\/naszakrajna.org\/index.php\/wp-json\/wp\/v2\/posts"}],"about":[{"href":"https:\/\/naszakrajna.org\/index.php\/wp-json\/wp\/v2\/types\/post"}],"author":[{"embeddable":true,"href":"https:\/\/naszakrajna.org\/index.php\/wp-json\/wp\/v2\/users\/1"}],"replies":[{"embeddable":true,"href":"https:\/\/naszakrajna.org\/index.php\/wp-json\/wp\/v2\/comments?post=1489"}],"version-history":[{"count":1,"href":"https:\/\/naszakrajna.org\/index.php\/wp-json\/wp\/v2\/posts\/1489\/revisions"}],"predecessor-version":[{"id":1490,"href":"https:\/\/naszakrajna.org\/index.php\/wp-json\/wp\/v2\/posts\/1489\/revisions\/1490"}],"wp:attachment":[{"href":"https:\/\/naszakrajna.org\/index.php\/wp-json\/wp\/v2\/media?parent=1489"}],"wp:term":[{"taxonomy":"category","embeddable":true,"href":"https:\/\/naszakrajna.org\/index.php\/wp-json\/wp\/v2\/categories?post=1489"},{"taxonomy":"post_tag","embeddable":true,"href":"https:\/\/naszakrajna.org\/index.php\/wp-json\/wp\/v2\/tags?post=1489"}],"curies":[{"name":"wp","href":"https:\/\/api.w.org\/{rel}","templated":true}]}}