{"id":1326,"date":"2025-01-22T14:30:00","date_gmt":"2025-01-22T13:30:00","guid":{"rendered":"https:\/\/naszakrajna.org\/?p=1326"},"modified":"2025-01-22T14:20:13","modified_gmt":"2025-01-22T13:20:13","slug":"ogloszenie-o-naborze-wnioskow-o-powierzenie-grantow-2-2025-efs","status":"publish","type":"post","link":"https:\/\/naszakrajna.org\/index.php\/2025\/01\/22\/ogloszenie-o-naborze-wnioskow-o-powierzenie-grantow-2-2025-efs\/","title":{"rendered":"Og\u0142oszenie o naborze wniosk\u00f3w o powierzenie grant\u00f3w 2\/2025\/EFS+"},"content":{"rendered":"\n<p class=\"wp-block-paragraph\">Stowarzyszenie NASZA KRAJNA oraz Wojew\u00f3dztwo Kujawsko-Pomorskie<\/p>\n\n\n\n<p class=\"wp-block-paragraph\">informuje o mo\u017cliwo\u015bci sk\u0142adania wniosk\u00f3w o powierzenie grantu<\/p>\n\n\n\n<p class=\"wp-block-paragraph\">w ramach Funduszy Europejskich dla Kujaw i Pomorza na lata 2021-2027<\/p>\n\n\n\n<p class=\"wp-block-paragraph\">Priorytet: 7 Fundusze europejskie na rozw\u00f3j lokalny<\/p>\n\n\n\n<p class=\"wp-block-paragraph\">Dzia\u0142anie: 07.01 \u2013 Prze\u0142amywanie stereotyp\u00f3w zwi\u0105zanych z p\u0142ci\u0105<\/p>\n\n\n\n<p class=\"wp-block-paragraph\">Numer konkursu LGD: <strong>2\/2025\/EFS+<\/strong><\/p>\n\n\n\n<p class=\"wp-block-paragraph\"><strong>ZAKRES TEMATYCZNY PROJEKTU:<\/strong><\/p>\n\n\n\n<p class=\"wp-block-paragraph\"><strong>Cel LSR<\/strong>:<\/p>\n\n\n\n<p class=\"wp-block-paragraph\"><a><\/a><a>Pobudzenie aktywno\u015bci spo\u0142ecznej mieszka\u0144c\u00f3w<\/a><\/p>\n\n\n\n<p class=\"wp-block-paragraph\"><strong>Przedsi\u0119wzi\u0119cie LSR<\/strong>:<\/p>\n\n\n\n<p class=\"wp-block-paragraph\"><a>Integracja spo\u0142eczna mieszka\u0144c\u00f3w obszaru LGD NASZA KRAJNA<\/a><\/p>\n\n\n\n<p class=\"wp-block-paragraph\"><strong>Cel szczeg\u00f3\u0142owy SzOOP O\u015b 7.01<\/strong>:<\/p>\n\n\n\n<p class=\"wp-block-paragraph\">EFS+.CP4.C &#8211; Wspieranie zr\u00f3wnowa\u017conego pod wzgl\u0119dem p\u0142ci uczestnictwa w rynku pracy, r\u00f3wnych warunk\u00f3w pracy oraz lepszej r\u00f3wnowagi mi\u0119dzy \u017cyciem zawodowym a prywatnym, w tym poprzez dost\u0119p do przyst\u0119pnej cenowo opieki nad dzie\u0107mi i osobami wymagaj\u0105cymi wsparcia w codziennym funkcjonowaniu<\/p>\n\n\n\n<figure class=\"wp-block-table\"><table class=\"has-fixed-layout\"><tbody><tr><td>Przedsi\u0119wzi\u0119cie\/typ projektu: Integracja spo\u0142eczna mieszka\u0144c\u00f3w obszaru LGD NASZA KRAJNA <strong>Typy projekt\u00f3w, na kt\u00f3re mo\u017cna uzyska\u0107 wsparcie:<\/strong> 1. podnoszenie wiedzy i \u015bwiadomo\u015bci os\u00f3b zajmuj\u0105cych si\u0119 edukacj\u0105 i prac\u0105 z dzie\u0107mi i m\u0142odzie\u017c\u0105 nt. stereotyp\u00f3w p\u0142ci i specyfiki potrzeb os\u00f3b r\u00f3\u017cnej p\u0142ci w tym tak\u017ce przemocy r\u00f3wie\u015bniczej uwarunkowanej przekonaniami zwi\u0105zanymi z p\u0142ci\u0105; 2. kluby rodzica ukierunkowane na: &#8211; wsparcie dla kobiet (wymiana do\u015bwiadcze\u0144, warsztaty motywuj\u0105ce, psychologiczne, coaching, kr\u0119gi wsparcia) pr\u00f3buj\u0105cych godzi\u0107 \u017cycie zawodowe z rodzinnym, wzmacniaj\u0105ce poczucie w\u0142asnej warto\u015bci i motywacj\u0119 do prze\u0142amywania stereotyp\u00f3w dot. roli kobiet i rozwoju osobistego; &#8211; wsparcie dla m\u0119\u017cczyzn (wymiana do\u015bwiadcze\u0144, warsztaty motywuj\u0105ce, psychologiczne, coaching, kr\u0119gi wsparcia) pr\u00f3buj\u0105cych prze\u0142amywa\u0107 stereotypy zwi\u0105zane z rol\u0105 m\u0119\u017cczyzn w rodzinie i spo\u0142ecze\u0144stwie, zach\u0119caj\u0105ce do wi\u0119kszego zaanga\u017cowania w obowi\u0105zki opieku\u0144cze; kluby rodzica mog\u0105 przewidywa\u0107 wsp\u00f3lne dzia\u0142ania dla kobiet i m\u0119\u017cczyzn, w zakresie wskazanym powy\u017cej; 3. zwi\u0119kszenie udzia\u0142u oraz wzmocnienie pozycji kobiet na rynku pracy poprzez dzia\u0142ania wspieraj\u0105ce rozpocz\u0119cie, utrzymanie lub powr\u00f3t do zatrudnienia, takie jak: wsparcie prawne, z zakresu rozwoju osobistego, motywuj\u0105ce, psychologiczne, wzmacniaj\u0105ce poczucie w\u0142asnej warto\u015bci. &nbsp;<\/td><\/tr><\/tbody><\/table><\/figure>\n\n\n\n<p class=\"wp-block-paragraph\"><strong>POZIOM DOFINANSOWANIA PROJEKTU ORAZ MAKSYMALNA I MINIMALNA WARTO\u015a\u0106 PROJEKTU<\/strong><strong><\/strong><\/p>\n\n\n\n<p class=\"wp-block-paragraph\">Kwota \u015brodk\u00f3w przeznaczonych na konkurs wynosi <strong>214 825,00 z\u0142, <\/strong>pochodz\u0105cych z Europejskiego Funduszu Spo\u0142ecznego+ (EFS+).<\/p>\n\n\n\n<p class=\"wp-block-paragraph\">Maksymalny poziom dofinansowaniu ze \u015brodk\u00f3w EFS+ wynosi <strong>95%<\/strong> wydatk\u00f3w kwalifikowalnych na poziomie projektu.<\/p>\n\n\n\n<p class=\"wp-block-paragraph\">Maksymalna warto\u015b\u0107 dofinansowania projektu wsp\u00f3\u0142finansowanego ze \u015brodk\u00f3w EFS wynosi <strong>100&nbsp;000,00 z\u0142.<\/strong><\/p>\n\n\n\n<p class=\"wp-block-paragraph\">Minimalna warto\u015b\u0107 dofinansowania projektu wsp\u00f3\u0142finasowanego ze \u015brodk\u00f3w EFS wynosi <strong>20&nbsp;000,00 z\u0142.<\/strong><\/p>\n\n\n\n<p class=\"wp-block-paragraph\"><strong>Forma wsparcia<\/strong><strong>: zaliczka<\/strong><\/p>\n\n\n\n<p class=\"wp-block-paragraph\"><strong>KTO MO\u017bE SK\u0141ADA\u0106 WNIOSKI<\/strong><\/p>\n\n\n\n<p class=\"wp-block-paragraph\"><strong>Wniosek o powierzenie grantu mo\u017ce zosta\u0107 z\u0142o\u017cony przez uprawnionego wnioskodawc\u0119, tj.:<\/strong><\/p>\n\n\n\n<p class=\"wp-block-paragraph\">Wszystkie podmioty z wy\u0142\u0105czeniem os\u00f3b fizycznych (nie dotyczy os\u00f3b prowadz\u0105cych dzia\u0142alno\u015b\u0107 gospodarcz\u0105 lub o\u015bwiatow\u0105 na podstawie odr\u0119bnych przepis\u00f3w).<\/p>\n\n\n\n<p class=\"wp-block-paragraph\"><strong>TERMINY<\/strong><\/p>\n\n\n\n<p class=\"wp-block-paragraph\"><strong>Wnioski <\/strong>o powierzenie grantu nale\u017cy sk\u0142ada\u0107 <strong>od 07.02.2025 r. do 24.02.2025 r., do godziny 15:00<\/strong><\/p>\n\n\n\n<p class=\"wp-block-paragraph\">Planowany termin rozstrzygni\u0119cia konkursu: II kwarta\u0142 2025 rok.<\/p>\n\n\n\n<p class=\"wp-block-paragraph\">Formularz wniosku o powierzenie grantu wraz z za\u0142\u0105cznikami (je\u015bli dotyczy) nale\u017cy wype\u0142ni\u0107 i z\u0142o\u017cy\u0107 za pomoc\u0105 generatora wniosk\u00f3w dost\u0119pnego pod adresem: <a href=\"https:\/\/omikron.info.pl\/wnioskodawca\/?a=C_20\">https:\/\/omikron.info.pl\/wnioskodawca\/?a=C_20<\/a><\/p>\n\n\n\n<p class=\"wp-block-paragraph\">Informacji dotycz\u0105cych konkursu udzielaj\u0105 pracownicy Biura LGD Stowarzyszenie NASZA KRAJNA. Z&nbsp;pytaniami mo\u017cna si\u0119 zg\u0142asza\u0107 osobi\u015bcie w biurze LGD, za pomoc\u0105 poczty elektronicznej na adres biuro@naszakrajna.org lub telefonicznie pod numerami: 531&nbsp;089&nbsp;577, 884&nbsp;001 997.<\/p>\n\n\n\n<p class=\"wp-block-paragraph\"><strong>Szczeg\u00f3\u0142owe informacje znajduj\u0105 si\u0119 w regulaminie naboru, kt\u00f3ry stanowi za\u0142\u0105cznik do og\u0142oszenia i jest dost\u0119pny jest na stronie <\/strong><a href=\"http:\/\/www.naszakrajna.\"><strong>www.naszakrajna.<\/strong><\/a><strong>org oraz w biurze LGD.<\/strong><\/p>\n\n\n\n<div class=\"wp-block-file\"><a id=\"wp-block-file--media-2800e4fc-b059-4bb9-973e-601b49e70422\" href=\"https:\/\/naszakrajna.org\/wp-content\/uploads\/2025\/01\/Regulamin-naboru-wnioskw-o-pow_grantw_EFS_do_ogloszenia-2.pdf\">Regulamin naboru wniosk\u00f3w o pow_grant\u00f3w_EFS<\/a><a href=\"https:\/\/naszakrajna.org\/wp-content\/uploads\/2025\/01\/Regulamin-naboru-wnioskw-o-pow_grantw_EFS_do_ogloszenia-2.pdf\" class=\"wp-block-file__button wp-element-button\" download aria-describedby=\"wp-block-file--media-2800e4fc-b059-4bb9-973e-601b49e70422\">Pobierz<\/a><\/div>\n\n\n\n<div class=\"wp-block-file\"><a id=\"wp-block-file--media-e22a5ac1-ea7b-4c57-8ce2-b1de6e71a5dc\" href=\"https:\/\/naszakrajna.org\/wp-content\/uploads\/2025\/01\/zal.-2-Lokalne-kryteria-wyboru-EFS-dostep-08.2024.pdf\">za\u0142. 2 lokalne kryteria wyboru EFS+ dost\u0119p 08.2024<\/a><a href=\"https:\/\/naszakrajna.org\/wp-content\/uploads\/2025\/01\/zal.-2-Lokalne-kryteria-wyboru-EFS-dostep-08.2024.pdf\" class=\"wp-block-file__button wp-element-button\" download aria-describedby=\"wp-block-file--media-e22a5ac1-ea7b-4c57-8ce2-b1de6e71a5dc\">Pobierz<\/a><\/div>\n\n\n\n<div class=\"wp-block-file\"><a id=\"wp-block-file--media-4c612b2e-f933-409e-a13a-3f0b3dbd28c6\" href=\"https:\/\/naszakrajna.org\/wp-content\/uploads\/2025\/01\/zal.-3-Wskazniki-realizacji-projektu-1.pdf\">za\u0142. 3 wska\u017aniki-realizacji-projektu<\/a><a href=\"https:\/\/naszakrajna.org\/wp-content\/uploads\/2025\/01\/zal.-3-Wskazniki-realizacji-projektu-1.pdf\" class=\"wp-block-file__button wp-element-button\" download aria-describedby=\"wp-block-file--media-4c612b2e-f933-409e-a13a-3f0b3dbd28c6\">Pobierz<\/a><\/div>\n\n\n\n<div class=\"wp-block-file\"><a id=\"wp-block-file--media-08cf03e4-3a63-4044-8296-cdb8da347fc8\" href=\"https:\/\/naszakrajna.org\/wp-content\/uploads\/2025\/01\/zal.-4-zasady-przygotowania-budzetu-i-katalog-stawek-1.pdf\">za\u0142. 4 zasady przygotowania bud\u017cetu i katalog stawek<\/a><a href=\"https:\/\/naszakrajna.org\/wp-content\/uploads\/2025\/01\/zal.-4-zasady-przygotowania-budzetu-i-katalog-stawek-1.pdf\" class=\"wp-block-file__button wp-element-button\" download aria-describedby=\"wp-block-file--media-08cf03e4-3a63-4044-8296-cdb8da347fc8\">Pobierz<\/a><\/div>\n\n\n\n<div class=\"wp-block-file\"><a id=\"wp-block-file--media-618d6de2-8a56-403e-ba12-925af15026ac\" href=\"https:\/\/naszakrajna.org\/wp-content\/uploads\/2025\/01\/zal.-5-REGULAMIN-DORADZTWA-SWIADCZONEGO-W-BIURZE-STOWARZYSZENIA-NASZA-KRAJNA-1.pdf\">za\u0142. 5 regulamin doradztwa \u015bwiadczonego w biurze Stowarzyszenia NASZA KRAJNA<\/a><a href=\"https:\/\/naszakrajna.org\/wp-content\/uploads\/2025\/01\/zal.-5-REGULAMIN-DORADZTWA-SWIADCZONEGO-W-BIURZE-STOWARZYSZENIA-NASZA-KRAJNA-1.pdf\" class=\"wp-block-file__button wp-element-button\" download aria-describedby=\"wp-block-file--media-618d6de2-8a56-403e-ba12-925af15026ac\">Pobierz<\/a><\/div>\n\n\n\n<div class=\"wp-block-file\"><a id=\"wp-block-file--media-c9b7f437-ec81-405e-86af-8e63d51554cd\" href=\"https:\/\/naszakrajna.org\/wp-content\/uploads\/2025\/01\/zal.-6-wzor-wniosku_o_pow_grantu_uzgodn_ZW-2.pdf\">za\u0142. 6 wz\u00f3r wniosku_o_pow_grantu_uzgodn_ZW<\/a><a href=\"https:\/\/naszakrajna.org\/wp-content\/uploads\/2025\/01\/zal.-6-wzor-wniosku_o_pow_grantu_uzgodn_ZW-2.pdf\" class=\"wp-block-file__button wp-element-button\" download aria-describedby=\"wp-block-file--media-c9b7f437-ec81-405e-86af-8e63d51554cd\">Pobierz<\/a><\/div>\n\n\n\n<div class=\"wp-block-file\"><a id=\"wp-block-file--media-e1932d22-ac80-4b9e-aec0-a3e725e7b5cf\" href=\"https:\/\/naszakrajna.org\/wp-content\/uploads\/2025\/01\/zal.-7-generator-wnioskow-OMIKRON_instrukcja-1.pdf\">za\u0142. 7 generator wniosk\u00f3w OMIKRON_instrukcja<\/a><a href=\"https:\/\/naszakrajna.org\/wp-content\/uploads\/2025\/01\/zal.-7-generator-wnioskow-OMIKRON_instrukcja-1.pdf\" class=\"wp-block-file__button wp-element-button\" download aria-describedby=\"wp-block-file--media-e1932d22-ac80-4b9e-aec0-a3e725e7b5cf\">Pobierz<\/a><\/div>\n\n\n\n<div class=\"wp-block-file\"><a id=\"wp-block-file--media-f0a154f8-0f7b-4e09-b2ab-1f39ffc053ac\" href=\"https:\/\/naszakrajna.org\/wp-content\/uploads\/2025\/01\/zal.-8-Procedura_wyboru_grantobiorcow_EFS_NK.pdf\">za\u0142. 8 Procedura_wyboru_grantobiorc\u00f3w_EFS_<\/a><a href=\"https:\/\/naszakrajna.org\/wp-content\/uploads\/2025\/01\/zal.-8-Procedura_wyboru_grantobiorcow_EFS_NK.pdf\" class=\"wp-block-file__button wp-element-button\" download aria-describedby=\"wp-block-file--media-f0a154f8-0f7b-4e09-b2ab-1f39ffc053ac\">Pobierz<\/a><\/div>\n\n\n\n<div class=\"wp-block-file\"><a id=\"wp-block-file--media-5f53b1da-d925-41ea-90d5-8510752b3b9f\" href=\"https:\/\/naszakrajna.org\/wp-content\/uploads\/2025\/01\/zal.-9-Umowa-o-powierzenie-grantu_WZOR_-1.doc\">za\u0142. 9 Umowa o powierzenie grantu_WZ\u00d3R_<\/a><a href=\"https:\/\/naszakrajna.org\/wp-content\/uploads\/2025\/01\/zal.-9-Umowa-o-powierzenie-grantu_WZOR_-1.doc\" class=\"wp-block-file__button wp-element-button\" download aria-describedby=\"wp-block-file--media-5f53b1da-d925-41ea-90d5-8510752b3b9f\">Pobierz<\/a><\/div>\n\n\n\n<div class=\"wp-block-file\"><a id=\"wp-block-file--media-7878b2ec-3738-4172-94dd-8af8112a088f\" href=\"https:\/\/naszakrajna.org\/wp-content\/uploads\/2024\/12\/ZAL-DO-UMOWY.zip\">ZA\u0141 DO UMOWY<\/a><a href=\"https:\/\/naszakrajna.org\/wp-content\/uploads\/2024\/12\/ZAL-DO-UMOWY.zip\" class=\"wp-block-file__button wp-element-button\" download aria-describedby=\"wp-block-file--media-7878b2ec-3738-4172-94dd-8af8112a088f\">Pobierz<\/a><\/div>\n\n\n\n<div class=\"wp-block-file\"><a id=\"wp-block-file--media-af21e8f5-8d38-4f48-84e9-4338d08c08bc\" href=\"https:\/\/naszakrajna.org\/wp-content\/uploads\/2025\/01\/zal.-10-do-Regulaminu-naboru-wnioskow-dokumenty-do-umowy.pdf\">za\u0142. 10 do Regulaminu naboru wniosk\u00f3w &#8211; dokumenty do umowy<\/a><a href=\"https:\/\/naszakrajna.org\/wp-content\/uploads\/2025\/01\/zal.-10-do-Regulaminu-naboru-wnioskow-dokumenty-do-umowy.pdf\" class=\"wp-block-file__button wp-element-button\" download aria-describedby=\"wp-block-file--media-af21e8f5-8d38-4f48-84e9-4338d08c08bc\">Pobierz<\/a><\/div>\n\n\n\n<div class=\"wp-block-file\"><a id=\"wp-block-file--media-7e480d28-7180-414a-9516-69a9c1d651ee\" href=\"https:\/\/naszakrajna.org\/wp-content\/uploads\/2025\/01\/zal.-11-Wniosek-o-rozliczenie-grantu-wzor-2.pdf\">za\u0142. 11 Wniosek o rozliczenie grantu wz\u00f3r<\/a><a href=\"https:\/\/naszakrajna.org\/wp-content\/uploads\/2025\/01\/zal.-11-Wniosek-o-rozliczenie-grantu-wzor-2.pdf\" class=\"wp-block-file__button wp-element-button\" download aria-describedby=\"wp-block-file--media-7e480d28-7180-414a-9516-69a9c1d651ee\">Pobierz<\/a><\/div>\n\n\n\n<div class=\"wp-block-file\"><a id=\"wp-block-file--media-74348008-0fcf-4163-aa0b-2b16d62978d4\" href=\"https:\/\/naszakrajna.org\/wp-content\/uploads\/2025\/01\/zal.-12-przykladowe-wskazniki-do-rozliczania-kwot-w-klubach-2.pdf\">za\u0142. 12 przyk\u0142adowe wska\u017aniki do rozliczania kwot w klubach<\/a><a href=\"https:\/\/naszakrajna.org\/wp-content\/uploads\/2025\/01\/zal.-12-przykladowe-wskazniki-do-rozliczania-kwot-w-klubach-2.pdf\" class=\"wp-block-file__button wp-element-button\" download aria-describedby=\"wp-block-file--media-74348008-0fcf-4163-aa0b-2b16d62978d4\">Pobierz<\/a><\/div>\n\n\n\n<p class=\"wp-block-paragraph\"><\/p>\n","protected":false},"excerpt":{"rendered":"<p>Stowarzyszenie NASZA KRAJNA oraz Wojew\u00f3dztwo Kujawsko-Pomorskie informuje o mo\u017cliwo\u015bci sk\u0142adania wniosk\u00f3w o powierzenie grantu w&#8230;<\/p>\n","protected":false},"author":1,"featured_media":0,"comment_status":"closed","ping_status":"open","sticky":true,"template":"","format":"standard","meta":{"om_disable_all_campaigns":false,"_monsterinsights_skip_tracking":false,"footnotes":""},"categories":[11],"tags":[],"class_list":["post-1326","post","type-post","status-publish","format-standard","hentry","category-nabory"],"aioseo_notices":[],"_links":{"self":[{"href":"https:\/\/naszakrajna.org\/index.php\/wp-json\/wp\/v2\/posts\/1326","targetHints":{"allow":["GET"]}}],"collection":[{"href":"https:\/\/naszakrajna.org\/index.php\/wp-json\/wp\/v2\/posts"}],"about":[{"href":"https:\/\/naszakrajna.org\/index.php\/wp-json\/wp\/v2\/types\/post"}],"author":[{"embeddable":true,"href":"https:\/\/naszakrajna.org\/index.php\/wp-json\/wp\/v2\/users\/1"}],"replies":[{"embeddable":true,"href":"https:\/\/naszakrajna.org\/index.php\/wp-json\/wp\/v2\/comments?post=1326"}],"version-history":[{"count":3,"href":"https:\/\/naszakrajna.org\/index.php\/wp-json\/wp\/v2\/posts\/1326\/revisions"}],"predecessor-version":[{"id":1347,"href":"https:\/\/naszakrajna.org\/index.php\/wp-json\/wp\/v2\/posts\/1326\/revisions\/1347"}],"wp:attachment":[{"href":"https:\/\/naszakrajna.org\/index.php\/wp-json\/wp\/v2\/media?parent=1326"}],"wp:term":[{"taxonomy":"category","embeddable":true,"href":"https:\/\/naszakrajna.org\/index.php\/wp-json\/wp\/v2\/categories?post=1326"},{"taxonomy":"post_tag","embeddable":true,"href":"https:\/\/naszakrajna.org\/index.php\/wp-json\/wp\/v2\/tags?post=1326"}],"curies":[{"name":"wp","href":"https:\/\/api.w.org\/{rel}","templated":true}]}}