{"id":1291,"date":"2025-01-02T11:34:18","date_gmt":"2025-01-02T10:34:18","guid":{"rendered":"https:\/\/naszakrajna.org\/?p=1291"},"modified":"2025-01-07T11:37:08","modified_gmt":"2025-01-07T10:37:08","slug":"przelamywanie-stereotypow-zwiazanych-z-plcia-na-obszarze-dzialania-stowarzyszenia-nasza-krajna","status":"publish","type":"post","link":"https:\/\/naszakrajna.org\/index.php\/2025\/01\/02\/przelamywanie-stereotypow-zwiazanych-z-plcia-na-obszarze-dzialania-stowarzyszenia-nasza-krajna\/","title":{"rendered":"&#8222;Prze\u0142amywanie stereotyp\u00f3w zwi\u0105zanych z p\u0142ci\u0105 na obszarze dzia\u0142ania Stowarzyszenia NASZA KRAJNA&#8221;"},"content":{"rendered":"\n<p>Stowarzyszenie NASZA KRAJNA realizuje projekt w ramach programu:<\/p>\n\n\n\n<p>Fundusze Europejskie dla Kujaw i Pomorza 2021-2027:<strong><br>&#8222;Prze\u0142amywanie stereotyp\u00f3w zwi\u0105zanych z p\u0142ci\u0105 na obszarze dzia\u0142ania Stowarzyszenia NASZA KRAJNA&#8221;<br>Umowa nr UM_WR.433.3.326.2024<br><\/strong><br>Celem projektu jest wspieranie zr\u00f3wnowa\u017conego pod wzgl\u0119dem p\u0142ci uczestnictwa w rynku pracy, r\u00f3wnych warunk\u00f3w pracy oraz lepszej r\u00f3wnowagi mi\u0119dzy \u017cyciem zawodowym a prywatnym, w tym poprzez dost\u0119p do przyst\u0119pnej cenowo opieki nad dzie\u0107mi i osobami wymagaj\u0105cymi wsparcia w codziennym funkcjonowaniu w powiecie s\u0119pole\u0144skim.<\/p>\n\n\n\n<p><br>W ramach projektu podmioty dzia\u0142aj\u0105ce na rzecz dzia\u0142a\u0144 r\u00f3wno\u015bciowych pod wzgl\u0119dem uczestnictwa w rynku pracy, godzenia \u017cycia zawodowego z prywatnym b\u0119d\u0105 mog\u0142y ubiega\u0107 si\u0119 o wsparcie finansowe w formie grantu na:<\/p>\n\n\n\n<p>1. podnoszenie wiedzy i \u015bwiadomo\u015bci os\u00f3b zajmuj\u0105cych si\u0119 edukacj\u0105 i prac\u0105 z dzie\u0107mi i m\u0142odzie\u017c\u0105 nt. stereotyp\u00f3w p\u0142ci i specyfiki potrzeb os\u00f3b r\u00f3\u017cnej p\u0142ci w tym tak\u017ce przemocy r\u00f3wie\u015bniczej uwarunkowanej przekonaniami zwi\u0105zanymi z p\u0142ci\u0105;<\/p>\n\n\n\n<p>2. kluby rodzica ukierunkowane na:<\/p>\n\n\n\n<p>&#8211; wsparcie dla kobiet (wymiana do\u015bwiadcze\u0144, warsztaty motywuj\u0105ce, psychologiczne, coaching, kr\u0119gi wsparcia) pr\u00f3buj\u0105cych godzi\u0107 \u017cycie zawodowe z rodzinnym, wzmacniaj\u0105ce poczucie w\u0142asnej warto\u015bci i motywacj\u0119 do prze\u0142amywania stereotyp\u00f3w dot. roli kobiet i rozwoju osobistego;<\/p>\n\n\n\n<p>&#8211; wsparcie dla m\u0119\u017cczyzn (wymiana do\u015bwiadcze\u0144, warsztaty motywuj\u0105ce, psychologiczne, coaching, kr\u0119gi wsparcia) pr\u00f3buj\u0105cych prze\u0142amywa\u0107 stereotypy zwi\u0105zane z rol\u0105 m\u0119\u017cczyzn w rodzinie i spo\u0142ecze\u0144stwie, zach\u0119caj\u0105ce do wi\u0119kszego zaanga\u017cowania w obowi\u0105zki opieku\u0144cze; kluby rodzica mog\u0105 przewidywa\u0107 wsp\u00f3lne dzia\u0142ania dla kobiet i m\u0119\u017cczyzn, w zakresie wskazanym powy\u017cej;<\/p>\n\n\n\n<p>3. zwi\u0119kszenie udzia\u0142u oraz wzmocnienie pozycji kobiet na rynku pracy poprzez dzia\u0142ania wspieraj\u0105ce rozpocz\u0119cie, utrzymanie lub powr\u00f3t do zatrudnienia, takie jak: wsparcie prawne, z zakresu rozwoju osobistego, motywuj\u0105ce, psychologiczne, wzmacniaj\u0105ce poczucie w\u0142asnej warto\u015bci.<\/p>\n\n\n\n<p>W ramach projektu w trybie konkursu wybrane zostan\u0105 podmioty, kt\u00f3rym udzielone zostan\u0105 granty na ww. dzia\u0142ania.<\/p>\n\n\n\n<p><strong>Grupa docelowa to<\/strong>: wszyscy mieszka\u0144cy (osoby doros\u0142e) obszaru obj\u0119tego lokaln\u0105 strategi\u0105 rozwoju (powiat s\u0119pole\u0144ski). Jednocze\u015bnie, ka\u017cdy uczestnik projektu b\u0119dzie osob\u0105 mieszkaj\u0105c\u0105 (w rozumieniu Kodeksu Cywilnego) lub pracuj\u0105c\u0105 lub ucz\u0105c\u0105 si\u0119 na terenie wojew\u00f3dztwa kujawsko-pomorskiego, a w przypadku podmiot\u00f3w, \u017ce posiadaj\u0105 one jednostk\u0119 organizacyjn\u0105 na obszarze wojew\u00f3dztwa kujawsko-pomorskiego.<\/p>\n\n\n\n<p>Wska\u017aniki jakie osi\u0105gni\u0119te zostan\u0105 w ramach projektu: &#8222;liczba os\u00f3b obj\u0119tych wsparciem w zakresie r\u00f3wno\u015bci kobiet i m\u0119\u017cczyzn &#8211; 77&#8221;; &#8222;liczba os\u00f3b, kt\u00f3ra podnios\u0142a poziom wiedzy w zakresie r\u00f3wno\u015bci kobiet i m\u0119\u017cczyzn dzi\u0119ki wsparciu w programie &#8211; 47&#8221;. Zaplanowane zadania w ramach projektu to: 1. Wyb\u00f3r projekt\u00f3w obj\u0119tych grantem &#8211; dzia\u0142ania r\u00f3wno\u015bciowe; 2. Koszty po\u015brednie. Ca\u0142kowita warto\u015b\u0107 projektu wyniesie <strong>470.241,12 z\u0142.,<\/strong> kwota dotacji to <strong>446.729,06 z\u0142.<\/strong><\/p>\n\n\n\n<p>Informacje o projekcie dost\u0119pne b\u0119d\u0105 na stronie internetowej Stowarzyszenia NASZA KRAJNA pod adresem www.naszakrajna.org.<\/p>\n\n\n\n<p>#FunduszeUE #FunduszeEuropejskie<\/p>\n\n\n\n<figure class=\"wp-block-image size-large\"><img loading=\"lazy\" decoding=\"async\" width=\"1024\" height=\"162\" src=\"https:\/\/naszakrajna.org\/wp-content\/uploads\/2021\/10\/LOGA-WIELOFUNDUSZOWE-1024x162.jpg\" alt=\"\" class=\"wp-image-1230\" srcset=\"https:\/\/naszakrajna.org\/wp-content\/uploads\/2021\/10\/LOGA-WIELOFUNDUSZOWE-1024x162.jpg 1024w, https:\/\/naszakrajna.org\/wp-content\/uploads\/2021\/10\/LOGA-WIELOFUNDUSZOWE-300x47.jpg 300w, https:\/\/naszakrajna.org\/wp-content\/uploads\/2021\/10\/LOGA-WIELOFUNDUSZOWE-768x121.jpg 768w, https:\/\/naszakrajna.org\/wp-content\/uploads\/2021\/10\/LOGA-WIELOFUNDUSZOWE-1536x243.jpg 1536w, https:\/\/naszakrajna.org\/wp-content\/uploads\/2021\/10\/LOGA-WIELOFUNDUSZOWE-2048x323.jpg 2048w\" sizes=\"auto, (max-width: 1024px) 100vw, 1024px\" \/><\/figure>\n\n\n\n<p><\/p>\n","protected":false},"excerpt":{"rendered":"<p>Stowarzyszenie NASZA KRAJNA realizuje projekt w ramach programu: Fundusze Europejskie dla Kujaw i Pomorza 2021-2027:&#8222;Prze\u0142amywanie&#8230;<\/p>\n","protected":false},"author":1,"featured_media":0,"comment_status":"closed","ping_status":"open","sticky":false,"template":"","format":"standard","meta":{"om_disable_all_campaigns":false,"_monsterinsights_skip_tracking":false,"_monsterinsights_sitenote_active":false,"_monsterinsights_sitenote_note":"","_monsterinsights_sitenote_category":0,"footnotes":""},"categories":[4],"tags":[],"class_list":["post-1291","post","type-post","status-publish","format-standard","hentry","category-efs"],"aioseo_notices":[],"_links":{"self":[{"href":"https:\/\/naszakrajna.org\/index.php\/wp-json\/wp\/v2\/posts\/1291","targetHints":{"allow":["GET"]}}],"collection":[{"href":"https:\/\/naszakrajna.org\/index.php\/wp-json\/wp\/v2\/posts"}],"about":[{"href":"https:\/\/naszakrajna.org\/index.php\/wp-json\/wp\/v2\/types\/post"}],"author":[{"embeddable":true,"href":"https:\/\/naszakrajna.org\/index.php\/wp-json\/wp\/v2\/users\/1"}],"replies":[{"embeddable":true,"href":"https:\/\/naszakrajna.org\/index.php\/wp-json\/wp\/v2\/comments?post=1291"}],"version-history":[{"count":1,"href":"https:\/\/naszakrajna.org\/index.php\/wp-json\/wp\/v2\/posts\/1291\/revisions"}],"predecessor-version":[{"id":1292,"href":"https:\/\/naszakrajna.org\/index.php\/wp-json\/wp\/v2\/posts\/1291\/revisions\/1292"}],"wp:attachment":[{"href":"https:\/\/naszakrajna.org\/index.php\/wp-json\/wp\/v2\/media?parent=1291"}],"wp:term":[{"taxonomy":"category","embeddable":true,"href":"https:\/\/naszakrajna.org\/index.php\/wp-json\/wp\/v2\/categories?post=1291"},{"taxonomy":"post_tag","embeddable":true,"href":"https:\/\/naszakrajna.org\/index.php\/wp-json\/wp\/v2\/tags?post=1291"}],"curies":[{"name":"wp","href":"https:\/\/api.w.org\/{rel}","templated":true}]}}