{"id":1289,"date":"2025-01-02T11:16:39","date_gmt":"2025-01-02T10:16:39","guid":{"rendered":"https:\/\/naszakrajna.org\/?p=1289"},"modified":"2025-01-07T11:37:42","modified_gmt":"2025-01-07T10:37:42","slug":"wsparcie-seniorow-z-obszaru-dzialania-stowarzyszenia-nasza-krajna","status":"publish","type":"post","link":"https:\/\/naszakrajna.org\/index.php\/2025\/01\/02\/wsparcie-seniorow-z-obszaru-dzialania-stowarzyszenia-nasza-krajna\/","title":{"rendered":"&#8222;Wsparcie senior\u00f3w z obszaru dzia\u0142ania Stowarzyszenia NASZA KRAJNA&#8221;"},"content":{"rendered":"\n<p>Stowarzyszenie NASZA KRAJNA realizuje projekt w ramach programu:<\/p>\n\n\n\n<p>Fundusze Europejskie dla Kujaw i Pomorza 2021-2027:<strong><br>&#8222;Wsparcie senior\u00f3w z obszaru dzia\u0142ania Stowarzyszenia NASZA KRAJNA&#8221;<br>Umowa nr UM_WR.433.3.282.2024<br><\/strong><br>Celem projektu jest wspieranie integracji spo\u0142ecznej os\u00f3b zagro\u017conych ub\u00f3stwem lub wykluczeniem spo\u0142ecznym, w tym os\u00f3b najbardziej potrzebuj\u0105cych.<\/p>\n\n\n\n<p>Projekt skierowany jest do mieszka\u0144c\u00f3w z obszaru obj\u0119tego lokaln\u0105 strategi\u0105 rozwoju, kt\u00f3rzy uko\u0144czyli 60 rok \u017cycia. Wska\u017aniki, kt\u00f3re zostan\u0105 osi\u0105gni\u0119te w wyniku realizacji projektu: &#8222;ca\u0142kowita liczba os\u00f3b obj\u0119tych wsparciem &#8211; 213&#8221;; &#8222;liczba os\u00f3b, kt\u00f3rych sytuacja spo\u0142eczna uleg\u0142a poprawie po opuszczeniu programu &#8211; 65 os\u00f3b&#8221;; &#8222;liczba obj\u0119tych wsparciem klub\u00f3w seniora, gospodarstw opieku\u0144czych i Uniwersytet\u00f3w Trzeciego Wieku &#8211; 9&#8221;. W ramach projektu zrealizowane zostan\u0105 dwa zadania: 1. wyb\u00f3r projekt\u00f3w obj\u0119tych grantem &#8211; seniorzy; 2. koszty po\u015brednie.<\/p>\n\n\n\n<p>Projekt realizowany b\u0119dzie w okresie 1.09.2024 r. &#8211; 31.12.2029 r. W ramach projektu podmioty dzia\u0142aj\u0105ce na rzecz integracji spo\u0142ecznej senior\u00f3w b\u0119d\u0105 mog\u0142y ubiega\u0107 si\u0119 o wsparcie finansowe w formie grantu na tworzenie i funkcjonowanie klub\u00f3w seniora, zaj\u0119cia aktywizacyjne prowadzone przez uniwersytety trzeciego wieku, zaj\u0119cia aktywizacyjne w gospodarstwach opieku\u0144czych, inne dzia\u0142ania maj\u0105ce na celu wsparcie i integracj\u0119 os\u00f3b starszych, uwzgl\u0119dniaj\u0105ce udzia\u0142 rodziny i ca\u0142ego \u015brodowiska w tworzeniu lokalnych sieci integracji i samopomocy. Ca\u0142kowita warto\u015b\u0107 projektu wyniesie <strong>2.720.849,08 z\u0142.,<\/strong> kwota dotacji wyniesie <strong>2.584.806,62 z\u0142.<\/strong> Informacje o projekcie dost\u0119pne b\u0119d\u0105 na stronie internetowej Stowarzyszenia NASZA KRAJNA pod adresem www.naszakrajna.org.<\/p>\n\n\n\n<p><strong>Grupa docelowa to<\/strong>: wszyscy mieszka\u0144cy (osoby doros\u0142e) z obszaru obj\u0119tego lokaln\u0105 strategi\u0105 rozwoju. Grupa docelowa dotyczy os\u00f3b starszych, czyli os\u00f3b, kt\u00f3re uko\u0144czy\u0142y 60 rok \u017cycia.<\/p>\n\n\n\n<p>#FunduszeUE #FunduszeEuropejskie<\/p>\n\n\n\n<figure class=\"wp-block-image size-large\"><img loading=\"lazy\" decoding=\"async\" width=\"1024\" height=\"162\" src=\"https:\/\/naszakrajna.org\/wp-content\/uploads\/2021\/10\/LOGA-WIELOFUNDUSZOWE-1024x162.jpg\" alt=\"\" class=\"wp-image-1230\" srcset=\"https:\/\/naszakrajna.org\/wp-content\/uploads\/2021\/10\/LOGA-WIELOFUNDUSZOWE-1024x162.jpg 1024w, https:\/\/naszakrajna.org\/wp-content\/uploads\/2021\/10\/LOGA-WIELOFUNDUSZOWE-300x47.jpg 300w, https:\/\/naszakrajna.org\/wp-content\/uploads\/2021\/10\/LOGA-WIELOFUNDUSZOWE-768x121.jpg 768w, https:\/\/naszakrajna.org\/wp-content\/uploads\/2021\/10\/LOGA-WIELOFUNDUSZOWE-1536x243.jpg 1536w, https:\/\/naszakrajna.org\/wp-content\/uploads\/2021\/10\/LOGA-WIELOFUNDUSZOWE-2048x323.jpg 2048w\" sizes=\"auto, (max-width: 1024px) 100vw, 1024px\" \/><\/figure>\n\n\n\n<p><\/p>\n","protected":false},"excerpt":{"rendered":"<p>Stowarzyszenie NASZA KRAJNA realizuje projekt w ramach programu: Fundusze Europejskie dla Kujaw i Pomorza 2021-2027:&#8222;Wsparcie&#8230;<\/p>\n","protected":false},"author":1,"featured_media":0,"comment_status":"closed","ping_status":"open","sticky":false,"template":"","format":"standard","meta":{"om_disable_all_campaigns":false,"_monsterinsights_skip_tracking":false,"_monsterinsights_sitenote_active":false,"_monsterinsights_sitenote_note":"","_monsterinsights_sitenote_category":0,"footnotes":""},"categories":[4],"tags":[],"class_list":["post-1289","post","type-post","status-publish","format-standard","hentry","category-efs"],"aioseo_notices":[],"_links":{"self":[{"href":"https:\/\/naszakrajna.org\/index.php\/wp-json\/wp\/v2\/posts\/1289","targetHints":{"allow":["GET"]}}],"collection":[{"href":"https:\/\/naszakrajna.org\/index.php\/wp-json\/wp\/v2\/posts"}],"about":[{"href":"https:\/\/naszakrajna.org\/index.php\/wp-json\/wp\/v2\/types\/post"}],"author":[{"embeddable":true,"href":"https:\/\/naszakrajna.org\/index.php\/wp-json\/wp\/v2\/users\/1"}],"replies":[{"embeddable":true,"href":"https:\/\/naszakrajna.org\/index.php\/wp-json\/wp\/v2\/comments?post=1289"}],"version-history":[{"count":1,"href":"https:\/\/naszakrajna.org\/index.php\/wp-json\/wp\/v2\/posts\/1289\/revisions"}],"predecessor-version":[{"id":1290,"href":"https:\/\/naszakrajna.org\/index.php\/wp-json\/wp\/v2\/posts\/1289\/revisions\/1290"}],"wp:attachment":[{"href":"https:\/\/naszakrajna.org\/index.php\/wp-json\/wp\/v2\/media?parent=1289"}],"wp:term":[{"taxonomy":"category","embeddable":true,"href":"https:\/\/naszakrajna.org\/index.php\/wp-json\/wp\/v2\/categories?post=1289"},{"taxonomy":"post_tag","embeddable":true,"href":"https:\/\/naszakrajna.org\/index.php\/wp-json\/wp\/v2\/tags?post=1289"}],"curies":[{"name":"wp","href":"https:\/\/api.w.org\/{rel}","templated":true}]}}