{"id":1248,"date":"2024-12-23T14:07:00","date_gmt":"2024-12-23T13:07:00","guid":{"rendered":"https:\/\/naszakrajna.org\/?p=1248"},"modified":"2025-05-27T14:19:24","modified_gmt":"2025-05-27T13:19:24","slug":"ogloszenie-o-naborze-wnioskow-o-powierzenie-grantow-nr-1-2024-efs","status":"publish","type":"post","link":"https:\/\/naszakrajna.org\/index.php\/2024\/12\/23\/ogloszenie-o-naborze-wnioskow-o-powierzenie-grantow-nr-1-2024-efs\/","title":{"rendered":"Og\u0142oszenie o naborze wniosk\u00f3w o powierzenie grant\u00f3w nr 1\/2024\/EFS+"},"content":{"rendered":"\n<p class=\"has-black-color has-text-color has-link-color wp-elements-ab8b65a95e9dfb04a58b0d2d7b05c505\">Stowarzyszenie NASZA KRAJNA oraz Wojew\u00f3dztwo Kujawsko-Pomorskie<\/p>\n\n\n\n<p>informuje o mo\u017cliwo\u015bci sk\u0142adania wniosk\u00f3w o powierzenie grantu<\/p>\n\n\n\n<p>w ramach Funduszy Europejskich dla Kujaw i Pomorza na lata 2021-2027<\/p>\n\n\n\n<p>Priorytet: 7 Fundusze europejskie na rozw\u00f3j lokalny<\/p>\n\n\n\n<p>Dzia\u0142anie: 07.02 \u2013 Wsparcie dzieci i m\u0142odzie\u017cy poza edukacj\u0105 formaln\u0105<\/p>\n\n\n\n<p>Numer konkursu LGD: 1\/2024\/EFS+<\/p>\n\n\n\n<p><strong>ZAKRES TEMATYCZNY PROJEKTU:<\/strong><\/p>\n\n\n\n<p><strong>Cel LSR<\/strong>:<\/p>\n\n\n\n<p class=\"has-black-color has-text-color has-link-color wp-elements-4460e002d92d647429d1173768f575cf\"><a><\/a><a>Pobudzenie aktywno\u015bci spo\u0142ecznej mieszka\u0144c\u00f3w<\/a><\/p>\n\n\n\n<p><strong>Przedsi\u0119wzi\u0119cie LSR<\/strong>:<\/p>\n\n\n\n<p class=\"has-black-color has-text-color has-link-color wp-elements-3a40a171ffc4dc2c57c46ed287d8a924\"><a>Integracja spo\u0142eczna mieszka\u0144c\u00f3w obszaru LGD NASZA KRAJNA<\/a><\/p>\n\n\n\n<p><strong>Cel szczeg\u00f3\u0142owy SzOOP O\u015b 7.02<\/strong>:<\/p>\n\n\n\n<p>EFS+.CP4.F &#8211; Wspieranie r\u00f3wnego dost\u0119pu do dobrej jako\u015bci, w\u0142\u0105czaj\u0105cego kszta\u0142cenia i szkolenia oraz mo\u017cliwo\u015bci ich uko\u0144czenia, w szczeg\u00f3lno\u015bci w odniesieniu do grup w niekorzystnej sytuacji, od wczesnej edukacji i opieki nad dzieckiem przez og\u00f3lne i zawodowe kszta\u0142cenie i szkolenie, po szkolnictwo wy\u017csze, a tak\u017ce kszta\u0142cenie i uczenie si\u0119 doros\u0142ych, w tym u\u0142atwienie mobilno\u015bci edukacyjnej dla wszystkich i dost\u0119pno\u015bci dla os\u00f3b z niepe\u0142nosprawno\u015bciami.<\/p>\n\n\n\n<figure class=\"wp-block-table\"><table class=\"has-fixed-layout\"><tbody><tr><td>Przedsi\u0119wzi\u0119cie\/typ projektu: Integracja spo\u0142eczna mieszka\u0144c\u00f3w obszaru LGD NASZA KRAJNA <br><strong>Typy projekt\u00f3w, na kt\u00f3re mo\u017cna uzyska\u0107 wsparcie:<\/strong> <br>1. rozwijanie umiej\u0119tno\u015bci spo\u0142ecznych i obywatelskich, zw\u0142aszcza uczni\u00f3w i uczennic zagro\u017conych wypadni\u0119ciem z systemu szkolnego, poprzez utworzenie i wsparcie na rzecz tworzenia i funkcjonowania edukacyjnych klub\u00f3w m\u0142odzie\u017cowych. W ramach klub\u00f3w mo\u017cliwa jest realizacja r\u00f3\u017cnorodnego obszaru tematycznego, uwzgl\u0119dniaj\u0105cego zainteresowania, zdolno\u015bci, potrzeby oraz predyspozycje dzieci i m\u0142odzie\u017cy np. zaj\u0119cia filmowe, muzyczne, artystyczne, sportowe, z robotyki, programowania, nt. lokalnej to\u017csamo\u015bci i kultury realizacj\u0119 spotka\u0144, warsztat\u00f3w i wizyt studyjnych, <br>2. rozwijanie uzdolnie\u0144 dzieci oraz m\u0142odzie\u017cy i ukierunkowanych na osi\u0105gniecie konkretnego celu edukacyjnego (np. przygotowanie i udzia\u0142 w krajowym lub mi\u0119dzynarodowym konkursie naukowym, przy czym za konkurs naukowy nie b\u0119d\u0105 uznawane konkursy wiedzy np. konkurs wiedzy z j\u0119zyka angielskiego czy konkurs wiedzy o wielkich Polakach), &nbsp;<br>3. projekty przyczyniaj\u0105ce si\u0119 do wzrostu wiedzy i nabywania umiej\u0119tno\u015bci przydatnych w wyborze \u015bcie\u017cek kszta\u0142cenia i w przysz\u0142ym \u017cyciu zawodowym, np. poprzez warsztaty w obszarze gin\u0105cych zawod\u00f3w i zwi\u0105zane z tradycj\u0105 regionu. Utworzenie Klubu m\u0142odzie\u017cowego b\u0119dzie mie\u0107 charakter dodatkowy w stosunku do dzia\u0142a\u0144 ju\u017c realizowanych przez kluby\/podmioty (brak finansowania bie\u017c\u0105cej dzia\u0142alno\u015bci). &nbsp;<\/td><\/tr><\/tbody><\/table><\/figure>\n\n\n\n<p><strong>POZIOM DOFINANSOWANIA PROJEKTU ORAZ MAKSYMALNA I MINIMALNA WARTO\u015a\u0106 PROJEKTU<\/strong><strong><\/strong><\/p>\n\n\n\n<p>Kwota \u015brodk\u00f3w przeznaczonych na konkurs wynosi <strong>800&nbsp;000,00 z\u0142<\/strong> pochodz\u0105cych z Europejskiego Funduszu Spo\u0142ecznego+ (EFS+).<\/p>\n\n\n\n<p>Maksymalny poziom dofinansowaniu ze \u015brodk\u00f3w EFS+ wynosi <strong>95%<\/strong> wydatk\u00f3w kwalifikowalnych na poziomie projektu.<\/p>\n\n\n\n<p>Maksymalna warto\u015b\u0107 dofinansowania projektu wsp\u00f3\u0142finansowanego ze \u015brodk\u00f3w EFS wynosi <strong>100&nbsp;000,00 z\u0142.<\/strong><\/p>\n\n\n\n<p>Minimalna warto\u015b\u0107 dofinansowania projektu wsp\u00f3\u0142finansowanego ze \u015brodk\u00f3w EFS wynosi <strong>20&nbsp;000,00 z\u0142.<\/strong><\/p>\n\n\n\n<p><strong>Forma wsparcia<\/strong><strong>: zaliczka<\/strong><\/p>\n\n\n\n<p><strong>KTO MO\u017bE SK\u0141ADA\u0106 WNIOSKI<\/strong><\/p>\n\n\n\n<p><strong>Wniosek o powierzenie grantu mo\u017ce zosta\u0107 z\u0142o\u017cony przez uprawnionego wnioskodawc\u0119, tj.:<\/strong><\/p>\n\n\n\n<p>Wszystkie podmioty z wy\u0142\u0105czeniem os\u00f3b fizycznych (nie dotyczy os\u00f3b prowadz\u0105cych dzia\u0142alno\u015b\u0107 gospodarcz\u0105 lub o\u015bwiatow\u0105 na podstawie odr\u0119bnych przepis\u00f3w).<\/p>\n\n\n\n<p><strong>TERMINY<\/strong><\/p>\n\n\n\n<p><strong>Wnioski <\/strong>o powierzenie grantu nale\u017cy sk\u0142ada\u0107 <strong>od 07.01.2025 r. do 24.01.2025 r., do godziny 15:00<\/strong><\/p>\n\n\n\n<p>Planowany termin rozstrzygni\u0119cia konkursu: I kwarta\u0142 2025 rok.<\/p>\n\n\n\n<p>Formularz wniosku o powierzenie grantu wraz z za\u0142\u0105cznikami (je\u015bli dotyczy) nale\u017cy wype\u0142ni\u0107 i z\u0142o\u017cy\u0107 za pomoc\u0105 generatora wniosk\u00f3w dost\u0119pnego pod adresem: <a href=\"https:\/\/omikron.info.pl\/wnioskodawca\/?a=C_20\">https:\/\/omikron.info.pl\/wnioskodawca\/?a=C_20<\/a><\/p>\n\n\n\n<p>Informacji dotycz\u0105cych konkursu udzielaj\u0105 pracownicy Biura LGD Stowarzyszenie NASZA KRAJNA. Z&nbsp;pytaniami mo\u017cna si\u0119 zg\u0142asza\u0107 osobi\u015bcie w biurze LGD, za pomoc\u0105 poczty elektronicznej na adres biuro@naszakrajna.org lub telefonicznie pod numerami: 531&nbsp;089&nbsp;577, 884&nbsp;001 997.<\/p>\n\n\n\n<p class=\"has-black-color has-text-color has-link-color wp-elements-e634bc6b1400a4bae104550e34661886\"><strong><strong>Szczeg\u00f3\u0142owe informacje znajduj\u0105 si\u0119 w regulaminie naboru, kt\u00f3ry stanowi za\u0142\u0105cznik do og\u0142oszenia i jest dost\u0119pny jest na stronie <\/strong><a href=\"http:\/\/www.naszakrajna.\"><strong>www.naszakrajna.<\/strong><\/a><strong>org oraz w biurze LGD.<\/strong><\/strong><\/p>\n\n\n\n<p><a id=\"_msocom_1\"><\/a><\/p>\n\n\n\n<p>ZA\u0141\u0104CZNIKI DO POBRANIA<\/p>\n\n\n\n<div class=\"wp-block-file\"><a id=\"wp-block-file--media-8a24587b-cfaa-4a79-968e-7c306a08fbab\" href=\"https:\/\/naszakrajna.org\/wp-content\/uploads\/2024\/12\/Wzor-ogloszenia-003-zmiana-alokacji-04.2025.pdf\">Og\u0142oszenie (003) zmiana alokacji 04.2025<\/a><a href=\"https:\/\/naszakrajna.org\/wp-content\/uploads\/2024\/12\/Wzor-ogloszenia-003-zmiana-alokacji-04.2025.pdf\" class=\"wp-block-file__button wp-element-button\" download aria-describedby=\"wp-block-file--media-8a24587b-cfaa-4a79-968e-7c306a08fbab\">Pobierz<\/a><\/div>\n\n\n\n<div class=\"wp-block-file\"><a id=\"wp-block-file--media-d6e3561b-2a77-4827-ae8a-3479299b1478\" href=\"https:\/\/naszakrajna.org\/wp-content\/uploads\/2024\/12\/Regulamin-naboru-wnioskw-o-pow_grantw_EFS_do_ogloszenia-1.pdf\" target=\"_blank\" rel=\"noreferrer noopener\">Regulamin naboru wniosk\u00f3w o powierzenie_grant\u00f3w_EFS_<\/a><a href=\"https:\/\/naszakrajna.org\/wp-content\/uploads\/2024\/12\/Regulamin-naboru-wnioskw-o-pow_grantw_EFS_do_ogloszenia-1.pdf\" class=\"wp-block-file__button wp-element-button\" download aria-describedby=\"wp-block-file--media-d6e3561b-2a77-4827-ae8a-3479299b1478\">Pobierz<\/a><\/div>\n\n\n\n<div class=\"wp-block-file\"><a id=\"wp-block-file--media-0c2153de-152c-43b8-97b1-e56c908fc103\" href=\"https:\/\/naszakrajna.org\/wp-content\/uploads\/2024\/12\/zal.-1-standard-klubu-mlodziezowego.pdf\">za\u0142. 1 standard klubu m\u0142odzie\u017cowego<\/a><a href=\"https:\/\/naszakrajna.org\/wp-content\/uploads\/2024\/12\/zal.-1-standard-klubu-mlodziezowego.pdf\" class=\"wp-block-file__button wp-element-button\" download aria-describedby=\"wp-block-file--media-0c2153de-152c-43b8-97b1-e56c908fc103\">Pobierz<\/a><\/div>\n\n\n\n<div class=\"wp-block-file\"><a id=\"wp-block-file--media-eb7e3943-4ec7-4829-b72f-64713deb9b2c\" href=\"https:\/\/naszakrajna.org\/wp-content\/uploads\/2024\/12\/zal.-2-Lokalne-kryteria-wyboru-EFS-dostep.pdf\">za\u0142. 2 Lokalne kryteria wyboru EFS+ dost\u0119p<\/a><a href=\"https:\/\/naszakrajna.org\/wp-content\/uploads\/2024\/12\/zal.-2-Lokalne-kryteria-wyboru-EFS-dostep.pdf\" class=\"wp-block-file__button wp-element-button\" download aria-describedby=\"wp-block-file--media-eb7e3943-4ec7-4829-b72f-64713deb9b2c\">Pobierz<\/a><\/div>\n\n\n\n<div class=\"wp-block-file\"><a id=\"wp-block-file--media-37cf8658-6720-41e2-a9f8-151ef3225c43\" href=\"https:\/\/naszakrajna.org\/wp-content\/uploads\/2024\/12\/zal.-nr-3-wskazniki-realizacji-projektu.pdf\">za\u0142. 3 wska\u017aniki realizacji projektu<\/a><a href=\"https:\/\/naszakrajna.org\/wp-content\/uploads\/2024\/12\/zal.-nr-3-wskazniki-realizacji-projektu.pdf\" class=\"wp-block-file__button wp-element-button\" download aria-describedby=\"wp-block-file--media-37cf8658-6720-41e2-a9f8-151ef3225c43\">Pobierz<\/a><\/div>\n\n\n\n<div class=\"wp-block-file\"><a id=\"wp-block-file--media-40cee5bb-f76b-4c70-9d1f-8633cadd8bab\" href=\"https:\/\/naszakrajna.org\/wp-content\/uploads\/2024\/12\/zal.-4-zasady-przygotowania-budzetu-i-katalog-stawek.pdf\">za\u0142. 4 zasady przygotowania bud\u017cetu i katalog stawek<\/a><a href=\"https:\/\/naszakrajna.org\/wp-content\/uploads\/2024\/12\/zal.-4-zasady-przygotowania-budzetu-i-katalog-stawek.pdf\" class=\"wp-block-file__button wp-element-button\" download aria-describedby=\"wp-block-file--media-40cee5bb-f76b-4c70-9d1f-8633cadd8bab\">Pobierz<\/a><\/div>\n\n\n\n<div class=\"wp-block-file\"><a id=\"wp-block-file--media-a52702c1-d52b-4548-adc1-b0275c98c27a\" href=\"https:\/\/naszakrajna.org\/wp-content\/uploads\/2024\/12\/zal.-5-REGULAMIN-DORADZTWA-SWIADCZONEGO-W-BIURZE-STOWARZYSZENIA-NASZA-KRAJNA.pdf\">za\u0142. 5 regulamin doradztwa \u015bwiadczonego w biurze Stowarzyszenia NASZA KRAJNA<\/a><a href=\"https:\/\/naszakrajna.org\/wp-content\/uploads\/2024\/12\/zal.-5-REGULAMIN-DORADZTWA-SWIADCZONEGO-W-BIURZE-STOWARZYSZENIA-NASZA-KRAJNA.pdf\" class=\"wp-block-file__button wp-element-button\" download aria-describedby=\"wp-block-file--media-a52702c1-d52b-4548-adc1-b0275c98c27a\">Pobierz<\/a><\/div>\n\n\n\n<div class=\"wp-block-file\"><a id=\"wp-block-file--media-35f8fa87-86bb-4409-ab1a-2d1d4efdddc3\" href=\"https:\/\/naszakrajna.org\/wp-content\/uploads\/2024\/12\/zal.-6-wzor-wniosku_o_pow_grantu_uzgodn_ZW.pdf\">za\u0142. 6 wz\u00f3r wniosku_o_pow_grantu<\/a><a href=\"https:\/\/naszakrajna.org\/wp-content\/uploads\/2024\/12\/zal.-6-wzor-wniosku_o_pow_grantu_uzgodn_ZW.pdf\" class=\"wp-block-file__button wp-element-button\" download aria-describedby=\"wp-block-file--media-35f8fa87-86bb-4409-ab1a-2d1d4efdddc3\">Pobierz<\/a><\/div>\n\n\n\n<div class=\"wp-block-file\"><a id=\"wp-block-file--media-25e3f800-591a-4021-b5e3-709061dc2bef\" href=\"https:\/\/naszakrajna.org\/wp-content\/uploads\/2024\/12\/zal.-7-generator-wnioskow-OMIKRON_instrukcja.pdf\">za\u0142. 7 generator wniosk\u00f3w OMIKRON_instrukcja<\/a><a href=\"https:\/\/naszakrajna.org\/wp-content\/uploads\/2024\/12\/zal.-7-generator-wnioskow-OMIKRON_instrukcja.pdf\" class=\"wp-block-file__button wp-element-button\" download aria-describedby=\"wp-block-file--media-25e3f800-591a-4021-b5e3-709061dc2bef\">Pobierz<\/a><\/div>\n\n\n\n<div class=\"wp-block-file\"><a id=\"wp-block-file--media-0a1abc9b-582c-4b35-858d-e0719d0c880b\" href=\"https:\/\/naszakrajna.org\/wp-content\/uploads\/2024\/12\/zal.-8-Procedura_wyboru_grantobiorcow_EFS_NK.pdf\">za\u0142. 8 Procedura_wyboru_grantobiorc\u00f3w_EFS+<\/a><a href=\"https:\/\/naszakrajna.org\/wp-content\/uploads\/2024\/12\/zal.-8-Procedura_wyboru_grantobiorcow_EFS_NK.pdf\" class=\"wp-block-file__button wp-element-button\" download aria-describedby=\"wp-block-file--media-0a1abc9b-582c-4b35-858d-e0719d0c880b\">Pobierz<\/a><\/div>\n\n\n\n<div class=\"wp-block-file\"><a id=\"wp-block-file--media-c193cb5b-1ccf-4ce8-b4fa-6c066cb4ef71\" href=\"https:\/\/naszakrajna.org\/wp-content\/uploads\/2024\/12\/zal.-9-Umowa-o-powierzenie-grantu_WZOR-1.pdf\">za\u0142. 9 Umowa o powierzenie grantu_WZ\u00d3R<\/a><a href=\"https:\/\/naszakrajna.org\/wp-content\/uploads\/2024\/12\/zal.-9-Umowa-o-powierzenie-grantu_WZOR-1.pdf\" class=\"wp-block-file__button wp-element-button\" download aria-describedby=\"wp-block-file--media-c193cb5b-1ccf-4ce8-b4fa-6c066cb4ef71\">Pobierz<\/a><\/div>\n\n\n\n<div class=\"wp-block-file\"><a id=\"wp-block-file--media-7a76fd88-c697-400e-a9af-ba767d68112d\" href=\"https:\/\/naszakrajna.org\/wp-content\/uploads\/2024\/12\/ZAL-DO-UMOWY.zip\">ZA\u0141 DO UMOWY<\/a><a href=\"https:\/\/naszakrajna.org\/wp-content\/uploads\/2024\/12\/ZAL-DO-UMOWY.zip\" class=\"wp-block-file__button wp-element-button\" download aria-describedby=\"wp-block-file--media-7a76fd88-c697-400e-a9af-ba767d68112d\">Pobierz<\/a><\/div>\n\n\n\n<div class=\"wp-block-file\"><a id=\"wp-block-file--media-7cbe10a1-b1c7-4fe7-bb19-6c5e165bcf2e\" href=\"https:\/\/naszakrajna.org\/wp-content\/uploads\/2024\/12\/zal.-10-dokumenty-do-umowy.pdf\">za\u0142. 10  dokumenty do umowy<\/a><a href=\"https:\/\/naszakrajna.org\/wp-content\/uploads\/2024\/12\/zal.-10-dokumenty-do-umowy.pdf\" class=\"wp-block-file__button wp-element-button\" download aria-describedby=\"wp-block-file--media-7cbe10a1-b1c7-4fe7-bb19-6c5e165bcf2e\">Pobierz<\/a><\/div>\n\n\n\n<div class=\"wp-block-file\"><a id=\"wp-block-file--media-6da90c85-9856-4a42-b173-011976810262\" href=\"https:\/\/naszakrajna.org\/wp-content\/uploads\/2024\/12\/zal.-11-Wniosek-o-rozliczenie-grantu-wzor-KM-1.pdf\">za\u0142. 11 Wniosek o rozliczenie grantu wz\u00f3r KM<\/a><a href=\"https:\/\/naszakrajna.org\/wp-content\/uploads\/2024\/12\/zal.-11-Wniosek-o-rozliczenie-grantu-wzor-KM-1.pdf\" class=\"wp-block-file__button wp-element-button\" download aria-describedby=\"wp-block-file--media-6da90c85-9856-4a42-b173-011976810262\">Pobierz<\/a><\/div>\n\n\n\n<div class=\"wp-block-file\"><a id=\"wp-block-file--media-ea12fda1-6137-4b0b-acf0-857be6e0682b\" href=\"https:\/\/naszakrajna.org\/wp-content\/uploads\/2024\/12\/zal.-11-Wniosek-o-rozliczenie-grantu-wzor-KM.docx\" target=\"_blank\" rel=\"noreferrer noopener\">za\u0142. 11 Wniosek o rozliczenie grantu edytowalny KM<\/a><a href=\"https:\/\/naszakrajna.org\/wp-content\/uploads\/2024\/12\/zal.-11-Wniosek-o-rozliczenie-grantu-wzor-KM.docx\" class=\"wp-block-file__button wp-element-button\" download aria-describedby=\"wp-block-file--media-ea12fda1-6137-4b0b-acf0-857be6e0682b\">Pobierz<\/a><\/div>\n\n\n\n<div class=\"wp-block-file\"><a id=\"wp-block-file--media-3d7b8ecc-4e82-47c0-ba0c-33aa1567e7e5\" href=\"https:\/\/naszakrajna.org\/wp-content\/uploads\/2024\/12\/zal.-12-przykladowe-wskazniki-do-rozliczania-kwot-w-klubach.pdf\">za\u0142. 12 przyk\u0142adowe wska\u017aniki do rozliczania kwot w klubach<\/a><a href=\"https:\/\/naszakrajna.org\/wp-content\/uploads\/2024\/12\/zal.-12-przykladowe-wskazniki-do-rozliczania-kwot-w-klubach.pdf\" class=\"wp-block-file__button wp-element-button\" download aria-describedby=\"wp-block-file--media-3d7b8ecc-4e82-47c0-ba0c-33aa1567e7e5\">Pobierz<\/a><\/div>\n\n\n\n<p><\/p>\n","protected":false},"excerpt":{"rendered":"<p>Stowarzyszenie NASZA KRAJNA oraz Wojew\u00f3dztwo Kujawsko-Pomorskie informuje o mo\u017cliwo\u015bci sk\u0142adania wniosk\u00f3w o powierzenie grantu w&#8230;<\/p>\n","protected":false},"author":1,"featured_media":0,"comment_status":"closed","ping_status":"open","sticky":false,"template":"","format":"standard","meta":{"om_disable_all_campaigns":false,"_monsterinsights_skip_tracking":false,"_monsterinsights_sitenote_active":false,"_monsterinsights_sitenote_note":"","_monsterinsights_sitenote_category":0,"footnotes":""},"categories":[11],"tags":[],"class_list":["post-1248","post","type-post","status-publish","format-standard","hentry","category-nabory"],"aioseo_notices":[],"_links":{"self":[{"href":"https:\/\/naszakrajna.org\/index.php\/wp-json\/wp\/v2\/posts\/1248","targetHints":{"allow":["GET"]}}],"collection":[{"href":"https:\/\/naszakrajna.org\/index.php\/wp-json\/wp\/v2\/posts"}],"about":[{"href":"https:\/\/naszakrajna.org\/index.php\/wp-json\/wp\/v2\/types\/post"}],"author":[{"embeddable":true,"href":"https:\/\/naszakrajna.org\/index.php\/wp-json\/wp\/v2\/users\/1"}],"replies":[{"embeddable":true,"href":"https:\/\/naszakrajna.org\/index.php\/wp-json\/wp\/v2\/comments?post=1248"}],"version-history":[{"count":12,"href":"https:\/\/naszakrajna.org\/index.php\/wp-json\/wp\/v2\/posts\/1248\/revisions"}],"predecessor-version":[{"id":1484,"href":"https:\/\/naszakrajna.org\/index.php\/wp-json\/wp\/v2\/posts\/1248\/revisions\/1484"}],"wp:attachment":[{"href":"https:\/\/naszakrajna.org\/index.php\/wp-json\/wp\/v2\/media?parent=1248"}],"wp:term":[{"taxonomy":"category","embeddable":true,"href":"https:\/\/naszakrajna.org\/index.php\/wp-json\/wp\/v2\/categories?post=1248"},{"taxonomy":"post_tag","embeddable":true,"href":"https:\/\/naszakrajna.org\/index.php\/wp-json\/wp\/v2\/tags?post=1248"}],"curies":[{"name":"wp","href":"https:\/\/api.w.org\/{rel}","templated":true}]}}