{"id":1140,"date":"2024-05-21T10:25:00","date_gmt":"2024-05-21T09:25:00","guid":{"rendered":"https:\/\/naszakrajna.org\/?p=1140"},"modified":"2024-05-21T10:25:02","modified_gmt":"2024-05-21T09:25:02","slug":"obowiazkowy-ksef-przesuniety-na-1-lutego-2026-r","status":"publish","type":"post","link":"https:\/\/naszakrajna.org\/index.php\/2024\/05\/21\/obowiazkowy-ksef-przesuniety-na-1-lutego-2026-r\/","title":{"rendered":"Obowi\u0105zkowy KSeF przesuni\u0119ty na 1 lutego 2026 r."},"content":{"rendered":"\n<p class=\"wp-block-paragraph\">Na pro\u015bb\u0119 Urz\u0119du Skarbowego w S\u0119p\u00f3lnie Kraje\u0144skim zamieszczamy poni\u017csz\u0105 informacj\u0119.<\/p>\n\n\n\n<ul class=\"wp-block-list\">\n<li><img loading=\"lazy\" decoding=\"async\" width=\"154\" height=\"97\" src=\"\" alt=\"Tytu\u0142: Napis Krajowy System e-Faktur\">Sejm przyj\u0105\u0142 ustaw\u0119 przesuwaj\u0105c\u0105 termin wdro\u017cenia obowi\u0105zkowego KSeF\u00a0do 1 lutego 2026 r.<\/li>\n\n\n\n<li>W\u00a0kolejnym etapie\u00a0procesu legislacyjnego Ministerstwo Finans\u00f3w zaproponuje dwuetapowe wprowadzenie obowi\u0105zku.<\/li>\n\n\n\n<li>To oznacza, \u017ce proces wystawiania faktur z punktu widzenia przedsi\u0119biorc\u00f3w nie ulega na razie zmianie.<\/li>\n\n\n\n<li>Ju\u017c teraz przedsi\u0119biorcy \u2013 szczeg\u00f3lnie mniejsi \u2013 w lokalnych urz\u0119dach skarbowych mog\u0105 zapoznawa\u0107 si\u0119 z funkcjonalno\u015bciami darmowych narz\u0119dzi przygotowanych przez Ministerstwo Finans\u00f3w.<\/li>\n<\/ul>\n\n\n\n<p class=\"wp-block-paragraph\">9 maja Sejm przyj\u0105\u0142 projekt nowelizacji ustawy o VAT, kt\u00f3ry przesuwa obowi\u0105zek wystawiania e-faktur na 1 lutego 2026 r. W nast\u0119pnym etapie procesu legislacyjnego przyj\u0119t\u0105 ustaw\u0105 zajmie si\u0119 Senat.<\/p>\n\n\n\n<h3 class=\"wp-block-heading\">Dalsze zmiany legislacyjne<\/h3>\n\n\n\n<p class=\"wp-block-paragraph\">Przeg\u0142osowana w Sejmie ustawa zak\u0142ada niezb\u0119dne przesuni\u0119cie daty rozpocz\u0119cia obowi\u0105zywania Krajowego Systemu e-Faktur. Jednak\u017ce, aby da\u0107 przedsi\u0119biorcom mo\u017cliwo\u015b\u0107 lepszego zapoznania si\u0119 z propozycjami zmian i odbycia rzetelnych konsultacji, Ministerstwo Finans\u00f3w podj\u0119\u0142o decyzj\u0119 o podzieleniu prac legislacyjnych na dwie cz\u0119\u015bci.<\/p>\n\n\n\n<p class=\"wp-block-paragraph\">W drugim projekcie legislacyjnym ministerstwo przedstawi propozycje uproszcze\u0144 obowi\u0105zk\u00f3w zwi\u0105zanych z wdro\u017ceniem KSeF oraz zaproponuje etapowe wej\u015bcie w \u017cycie obowi\u0105zkowej e-faktury:<\/p>\n\n\n\n<ul class=\"wp-block-list\">\n<li>1 lutego 2026 r. dla przedsi\u0119biorc\u00f3w, kt\u00f3rych warto\u015b\u0107 sprzeda\u017cy (wraz z kwot\u0105 podatku) przekroczy\u0142a w 2025 r. 200 mln z\u0142.,<\/li>\n\n\n\n<li>1 kwietnia 2026 r. dla pozosta\u0142ych przedsi\u0119biorc\u00f3w.<\/li>\n<\/ul>\n\n\n\n<h3 class=\"wp-block-heading\">KAS przygotowana, aby pomaga\u0107 przedsi\u0119biorcom<\/h3>\n\n\n\n<p class=\"wp-block-paragraph\">Oznacza to, \u017ce przedsi\u0119biorcy zyskali wi\u0119cej czasu, \u017ceby przygotowa\u0107 si\u0119 do obowi\u0105zkowego KSeF. Obecnie w procesie wystawiania przez nich faktur nic si\u0119 nie zmienia i nadal mog\u0105 oni korzysta\u0107 z dotychczasowych narz\u0119dzi i rozwi\u0105za\u0144.<\/p>\n\n\n\n<p class=\"wp-block-paragraph\">Ministerstwo zach\u0119ca jednak &#8211; szczeg\u00f3lnie mniejszych przedsi\u0119biorc\u00f3w &#8211; do wykorzystania dodatkowego czasu do zapoznania si\u0119 z darmowymi narz\u0119dziami stworzonymi przez resort: Aplikacj\u0105 Podatnika i e-mikrofirm\u0105. Wkr\u00f3tce ma si\u0119 te\u017c pojawi\u0107 Aplikacja Mobilna KSeF, kt\u00f3ra umo\u017cliwi wystawianie podstawowych faktur w KSeF oraz ich korekt, a tak\u017ce podgl\u0105d faktur wystawionych i otrzymanych w KSeF.<\/p>\n\n\n\n<p class=\"wp-block-paragraph\">\u201e<em>Przygotowali\u015bmy merytorycznie oko\u0142o tysi\u0105ca pracownik\u00f3w w lokalnych Urz\u0119dach Skarbowych. Ju\u017c teraz s\u0105 oni gotowi pomaga\u0107 przedsi\u0119biorcom w korzystaniu z przygotowanych przez nas aplikacji. Je\u015bli kto\u015b b\u0119dzie chcia\u0142 zobaczy\u0107 jak one dzia\u0142aj\u0105 i przekona\u0107 si\u0119 czy spe\u0142niaj\u0105 jego oczekiwania i potrzeby, to dostanie indywidualne wsparcie w tym zakresie. Po wakacjach zaczniemy te\u017c specjalne szkolenia.&nbsp;Dodatkowo, od stycznia 2025 r. zostanie r\u00f3wnie\u017c uruchomiona specjalna infolinia Krajowej Informacji Skarbowej (KIS) dla spraw zwi\u0105zanych z KSeF<\/em>&#8221; \u2013 zapowiada Marcin \u0141oboda, Szef Krajowej Administracji Skarbowej.<\/p>\n\n\n\n<p class=\"wp-block-paragraph\">W ka\u017cdej chwili mo\u017cna przyj\u015b\u0107 do US i otrzyma\u0107 informacje na temat dzia\u0142ania systemu, korzystaj\u0105c z pomocy pracownik\u00f3w urz\u0119d\u00f3w skarbowych.&nbsp;Aby nie traci\u0107 czasu i nie sta\u0107 w kolejce, warto um\u00f3wi\u0107 si\u0119 na wizyt\u0119 w urz\u0119dzie na konkretny dzie\u0144 i godzin\u0119, za pomoc\u0105 formularza na stronie internetowej. Mo\u017cna przy tym doda\u0107 komentarz i wskaza\u0107, \u017ce tematem spotkania jest uzyskanie informacji nt. KSeF.<\/p>\n","protected":false},"excerpt":{"rendered":"<p>Na pro\u015bb\u0119 Urz\u0119du Skarbowego w S\u0119p\u00f3lnie Kraje\u0144skim zamieszczamy poni\u017csz\u0105 informacj\u0119. 9 maja Sejm przyj\u0105\u0142 projekt&#8230;<\/p>\n","protected":false},"author":1,"featured_media":0,"comment_status":"closed","ping_status":"open","sticky":true,"template":"","format":"standard","meta":{"om_disable_all_campaigns":false,"_monsterinsights_skip_tracking":false,"footnotes":""},"categories":[1],"tags":[],"class_list":["post-1140","post","type-post","status-publish","format-standard","hentry","category-aktualnosci"],"aioseo_notices":[],"_links":{"self":[{"href":"https:\/\/naszakrajna.org\/index.php\/wp-json\/wp\/v2\/posts\/1140","targetHints":{"allow":["GET"]}}],"collection":[{"href":"https:\/\/naszakrajna.org\/index.php\/wp-json\/wp\/v2\/posts"}],"about":[{"href":"https:\/\/naszakrajna.org\/index.php\/wp-json\/wp\/v2\/types\/post"}],"author":[{"embeddable":true,"href":"https:\/\/naszakrajna.org\/index.php\/wp-json\/wp\/v2\/users\/1"}],"replies":[{"embeddable":true,"href":"https:\/\/naszakrajna.org\/index.php\/wp-json\/wp\/v2\/comments?post=1140"}],"version-history":[{"count":1,"href":"https:\/\/naszakrajna.org\/index.php\/wp-json\/wp\/v2\/posts\/1140\/revisions"}],"predecessor-version":[{"id":1141,"href":"https:\/\/naszakrajna.org\/index.php\/wp-json\/wp\/v2\/posts\/1140\/revisions\/1141"}],"wp:attachment":[{"href":"https:\/\/naszakrajna.org\/index.php\/wp-json\/wp\/v2\/media?parent=1140"}],"wp:term":[{"taxonomy":"category","embeddable":true,"href":"https:\/\/naszakrajna.org\/index.php\/wp-json\/wp\/v2\/categories?post=1140"},{"taxonomy":"post_tag","embeddable":true,"href":"https:\/\/naszakrajna.org\/index.php\/wp-json\/wp\/v2\/tags?post=1140"}],"curies":[{"name":"wp","href":"https:\/\/api.w.org\/{rel}","templated":true}]}}