{"id":1117,"date":"2024-04-02T12:45:26","date_gmt":"2024-04-02T11:45:26","guid":{"rendered":"https:\/\/naszakrajna.org\/?p=1117"},"modified":"2024-04-19T11:29:03","modified_gmt":"2024-04-19T10:29:03","slug":"szkolenie-animator-gier-i-zabaw-minikowo-12-14-kwiecien-2024-r","status":"publish","type":"post","link":"https:\/\/naszakrajna.org\/index.php\/2024\/04\/02\/szkolenie-animator-gier-i-zabaw-minikowo-12-14-kwiecien-2024-r\/","title":{"rendered":"Szkolenie \u201eANIMATOR GIER I ZABAW\u201d &#8211; MINIKOWO 12-14 KWIECIE\u0143 2024 R."},"content":{"rendered":"\n<p class=\"wp-block-paragraph\">Stowarzyszenie NASZA KRAJNA jest w trakcie realizacji projektu wsp\u00f3\u0142pracy \u201eWioski tematyczne sposobem na aktywizacj\u0119 lokalnych spo\u0142eczno\u015bci i promocj\u0119 regionu\u201d. Partnerami projektu s\u0105 trzy lokalne grupy dzia\u0142ania, tj.: Stowarzyszenie \u201ePartnerstwo dla Krajny i Pa\u0142uk\u201d, Stowarzyszenie \u201eLokalna Grupa Dzia\u0142ania Bory Tucholskie\u201d (powiat tucholski) oraz Stowarzyszenie NASZA KRAJNA (powiat s\u0119pole\u0144ski). Celem projektu jest aktywizacja i integracja mieszka\u0144c\u00f3w poszczeg\u00f3lnych gmin poprzez upowszechnienie idei tworzenia wsi tematycznych. Partnerzy zak\u0142adaj\u0105, i\u017c efektem projektu na terenie powiatu s\u0119pole\u0144skiego b\u0119dzie wypracowanie za\u0142o\u017ce\u0144\/koncepcji dla minimum 2 wiosek tematycznych.<br>W ramach projektu dla mieszka\u0144c\u00f3w powiatu s\u0119pole\u0144skiego zaplanowano 6 zada\u0144, kt\u00f3rych realizacja zako\u0144czy si\u0119 w czerwcu 2024 r.<br>Po seminarium inauguracyjnym, wyje\u017adzie studyjnym, wizytach diagnostycznych\u00a0i warsztatach tematycznych w zg\u0142oszonych do projektu so\u0142ectwach czas na organizacj\u0119 szkolenia \u201eAnimator gier i zabaw\u201d. Szkolenie pozwoli zar\u00f3wno na uatrakcyjnienie, jak\u00a0\u00a0\u00a0\u00a0\u00a0\u00a0\u00a0 \u00a0i podniesienie poziomu ofert turystycznych wiosek tematycznych. Uczestnicy szkolenia zdob\u0119d\u0105 wiedz\u0119 teoretyczn\u0105 oraz praktyczn\u0105 m.in. z zakresu efektywnego wykorzystania czasu z grup\u0105 odwiedzaj\u0105c\u0105 wiosk\u0119 tematyczn\u0105, komunikacji z grup\u0105, poznaj\u0105 gry i zabawy dostosowane do potrzeb i wieku go\u015bci (osoby starsze, dzieci i m\u0142odzie\u017c, rodziny z dzie\u0107mi), kt\u00f3re warto wykorzysta\u0107 podczas odwiedzin grupy.<br><strong>Planowany termin<\/strong>\u00a0realizacji szkolenia: 12-14.04.2023 r.<br><strong>Czas trwania<\/strong>\u00a0szkolenia: 3 dni, w sumie 18 godz., gwarantujemy nocleg wraz \u00a0\u00a0\u00a0\u00a0\u00a0\u00a0\u00a0\u00a0\u00a0\u00a0\u00a0\u00a0\u00a0\u00a0\u00a0\u00a0\u00a0\u00a0\u00a0\u00a0\u00a0\u00a0\u00a0\u00a0\u00a0\u00a0\u00a0\u00a0\u00a0z wy\u017cywieniem.<\/p>\n\n\n\n<p class=\"wp-block-paragraph\"><strong>Miejsce realizacji<\/strong>:\u00a0Centrum Transferu Wiedzy i Innowacji im. Leona Janty-Po\u0142czy\u0144skiego, Minikowo 1, 89-122 Minikowo<br>Serdecznie zapraszamy wy\u0142\u0105cznie mieszka\u0144c\u00f3w powiatu s\u0119pole\u0144skiego &#8211; osoby doros\u0142e oraz m\u0142odzie\u017c od 16 r.\u017c. do wzi\u0119cia udzia\u0142u w szkoleniu.<br><strong>WA\u017bNE:<\/strong>\u00a0Warunkiem udzia\u0142u i uko\u0144czenia szkolenia jest uczestnictwo w ca\u0142ym cyklu szkoleniowym (3 dni). Liczba miejsc ograniczona!<\/p>\n\n\n\n<p class=\"wp-block-paragraph\">&nbsp;Na szkolenie zostanie zakwalifikowanych 5 os\u00f3b. Decyduje kolejno\u015b\u0107 zg\u0142osze\u0144!<\/p>\n\n\n\n<p class=\"wp-block-paragraph\">Zg\u0142oszenia przyjmowane s\u0105 do dnia 10.04.2024 r. lub do wyczerpania limitu miejsc pod nr telefonu: 531&nbsp;089 577 lub 884&nbsp;001&nbsp;997 oraz e-mail pod adresem:&nbsp;<a href=\"mailto:biuro@\">biuro@<\/a>naszakrajna.org<\/p>\n","protected":false},"excerpt":{"rendered":"<p>Stowarzyszenie NASZA KRAJNA jest w trakcie realizacji projektu wsp\u00f3\u0142pracy \u201eWioski tematyczne sposobem na aktywizacj\u0119 lokalnych&#8230;<\/p>\n","protected":false},"author":1,"featured_media":0,"comment_status":"closed","ping_status":"open","sticky":true,"template":"","format":"standard","meta":{"om_disable_all_campaigns":false,"_monsterinsights_skip_tracking":false,"footnotes":""},"categories":[1],"tags":[],"class_list":["post-1117","post","type-post","status-publish","format-standard","hentry","category-aktualnosci"],"aioseo_notices":[],"_links":{"self":[{"href":"https:\/\/naszakrajna.org\/index.php\/wp-json\/wp\/v2\/posts\/1117","targetHints":{"allow":["GET"]}}],"collection":[{"href":"https:\/\/naszakrajna.org\/index.php\/wp-json\/wp\/v2\/posts"}],"about":[{"href":"https:\/\/naszakrajna.org\/index.php\/wp-json\/wp\/v2\/types\/post"}],"author":[{"embeddable":true,"href":"https:\/\/naszakrajna.org\/index.php\/wp-json\/wp\/v2\/users\/1"}],"replies":[{"embeddable":true,"href":"https:\/\/naszakrajna.org\/index.php\/wp-json\/wp\/v2\/comments?post=1117"}],"version-history":[{"count":1,"href":"https:\/\/naszakrajna.org\/index.php\/wp-json\/wp\/v2\/posts\/1117\/revisions"}],"predecessor-version":[{"id":1118,"href":"https:\/\/naszakrajna.org\/index.php\/wp-json\/wp\/v2\/posts\/1117\/revisions\/1118"}],"wp:attachment":[{"href":"https:\/\/naszakrajna.org\/index.php\/wp-json\/wp\/v2\/media?parent=1117"}],"wp:term":[{"taxonomy":"category","embeddable":true,"href":"https:\/\/naszakrajna.org\/index.php\/wp-json\/wp\/v2\/categories?post=1117"},{"taxonomy":"post_tag","embeddable":true,"href":"https:\/\/naszakrajna.org\/index.php\/wp-json\/wp\/v2\/tags?post=1117"}],"curies":[{"name":"wp","href":"https:\/\/api.w.org\/{rel}","templated":true}]}}