{"id":1062,"date":"2024-03-26T14:23:58","date_gmt":"2024-03-26T13:23:58","guid":{"rendered":"https:\/\/naszakrajna.org\/?p=1062"},"modified":"2024-03-26T14:31:21","modified_gmt":"2024-03-26T13:31:21","slug":"powiatowa-wystawa-stolow-wielkanocnych","status":"publish","type":"post","link":"https:\/\/naszakrajna.org\/index.php\/2024\/03\/26\/powiatowa-wystawa-stolow-wielkanocnych\/","title":{"rendered":"Powiatowa Wystawa Sto\u0142\u00f3w Wielkanocnych"},"content":{"rendered":"\n<p><strong>23.03.2024 r. So\u015bno<\/strong><\/p>\n\n\n\n<p>\u015awi\u0105teczna Wystawa sto\u0142\u00f3w to ju\u017c cykliczne wydarzenie w powiecie s\u0119pole\u0144skim, kt\u00f3re jest wsp\u00f3\u0142organizowane przez Stowarzyszenie NASZA KRAJNA. Celem inicjatywy jest kultywowanie tradycji i zwyczaj\u00f3w zwi\u0105zanych z okresem \u015bwi\u0105tecznym poprzez zaprezentowanie okoliczno\u015bciowych potraw i wypiek\u00f3w, wyst\u0119py lokalnych zespo\u0142\u00f3w i promowanie r\u0119kodzie\u0142a charakterystycznego dla Krajny. <strong>Tegoroczna Wystawa Sto\u0142\u00f3w Wielkanocnych po\u0142\u0105czona z kiermaszem r\u0119kodzie\u0142a odby\u0142a si\u0119 w sobot\u0119 23 marca 2024 roku na Sali gimnastycznej przy Szkole Podstawowej w So\u015bnie.<\/strong> <\/p>\n\n\n\n<p>Tradycyjnie potrawy wielkanocne przygotowa\u0142y panie z k\u00f3\u0142 gospody\u0144 wiejskich, adepci sztuki kulinarnej ze szk\u00f3\u0142 ponadpodstawowych powiatu s\u0119pole\u0144skiego oraz podopieczni domu pomocy spo\u0142ecznej.<\/p>\n\n\n\n<p>Sw\u00f3j kulinarny kunszt prezentowa\u0142y panie z KGW \u201eOrzelskie Dzio\u0142chy\u201d z Orze\u0142ka (gmina Kamie\u0144 Kraje\u0144ski), KGW W\u0142o\u015bcib\u00f3rz (gmina S\u0119p\u00f3lno Kraje\u0144skie), KGW \u015ami\u0142owo (gmina Wi\u0119cbork), KGW \u201eSo\u015bno\u201d, podopieczni Domy Pomocy Spo\u0142ecznej z Suchor\u0105czka oraz uczniowie i nauczyciele szk\u00f3\u0142 bran\u017cowych: Centrum Kszta\u0142cenia Zawodowego i Ustawicznego w Wi\u0119cborku i Zesp\u00f3\u0142 Szk\u00f3\u0142 Centrum Kszta\u0142cenia Rolniczego w Sypniewie.<\/p>\n\n\n\n<p>Sto\u0142y obfitowa\u0142y w wielkanocne potrawy i ozdoby.&nbsp;<strong>Podczas wydarzenia mo\u017cna by\u0142o skosztowa\u0107 min. \u017curku, pasztet\u00f3w, mazurk\u00f3w, babek, faszerowanych jajek, bia\u0142ej kie\u0142basy, swojskiej szynki, kark\u00f3wki, galarety i wiele innych pyszno\u015bci<\/strong>. Wystawa zgromadzi\u0142a wielu go\u015bci, kt\u00f3rzy ch\u0119tnie przyst\u0105pili do degustacji zaprezentowanych da\u0144.<\/p>\n\n\n\n<p>Smakowaniu wiktua\u0142\u00f3w towarzyszy\u0142 kiermasz r\u0119kodzie\u0142a i dekoracji \u015bwi\u0105tecznych.&nbsp;Podczas cz\u0119\u015bci artystycznej wyst\u0105pili: Ch\u00f3r \u201eCantabile\u201d z So\u015bna oraz <strong>so\u015bnie\u0144skie przedszkolaki, kt\u00f3re w strojach kraje\u0144skich zata\u0144czy\u0142y Kujawiaka.<\/strong><\/p>\n\n\n\n<p>Ciasta, galarety, pasztety&#8230;<\/p>\n\n\n\n<div class=\"wp-block-cover\"><span aria-hidden=\"true\" class=\"wp-block-cover__background has-background-dim\"><\/span><img loading=\"lazy\" decoding=\"async\" width=\"1024\" height=\"682\" class=\"wp-block-cover__image-background wp-image-1065\" alt=\"\" src=\"https:\/\/naszakrajna.org\/wp-content\/uploads\/2024\/03\/DSC_1750-1024x682.jpg\" data-object-fit=\"cover\" srcset=\"https:\/\/naszakrajna.org\/wp-content\/uploads\/2024\/03\/DSC_1750-1024x682.jpg 1024w, https:\/\/naszakrajna.org\/wp-content\/uploads\/2024\/03\/DSC_1750-300x200.jpg 300w, https:\/\/naszakrajna.org\/wp-content\/uploads\/2024\/03\/DSC_1750-768x512.jpg 768w, https:\/\/naszakrajna.org\/wp-content\/uploads\/2024\/03\/DSC_1750.jpg 1427w\" sizes=\"auto, (max-width: 1024px) 100vw, 1024px\" \/><div class=\"wp-block-cover__inner-container is-layout-flow wp-block-cover-is-layout-flow\">\n<p><\/p>\n\n\n\n<p class=\"has-text-align-left\"><\/p>\n<\/div><\/div>\n\n\n\n<p>Wi\u0119cej zdj\u0119\u0107 w<a href=\"https:\/\/naszakrajna.org\/index.php\/galeria\/\"> Galerii.<\/a><\/p>\n","protected":false},"excerpt":{"rendered":"<p>23.03.2024 r. So\u015bno \u015awi\u0105teczna Wystawa sto\u0142\u00f3w to ju\u017c cykliczne wydarzenie w powiecie s\u0119pole\u0144skim, kt\u00f3re jest&#8230;<\/p>\n","protected":false},"author":1,"featured_media":0,"comment_status":"closed","ping_status":"open","sticky":true,"template":"","format":"standard","meta":{"om_disable_all_campaigns":false,"_monsterinsights_skip_tracking":false,"_monsterinsights_sitenote_active":false,"_monsterinsights_sitenote_note":"","_monsterinsights_sitenote_category":0,"footnotes":""},"categories":[1],"tags":[],"class_list":["post-1062","post","type-post","status-publish","format-standard","hentry","category-aktualnosci"],"aioseo_notices":[],"_links":{"self":[{"href":"https:\/\/naszakrajna.org\/index.php\/wp-json\/wp\/v2\/posts\/1062","targetHints":{"allow":["GET"]}}],"collection":[{"href":"https:\/\/naszakrajna.org\/index.php\/wp-json\/wp\/v2\/posts"}],"about":[{"href":"https:\/\/naszakrajna.org\/index.php\/wp-json\/wp\/v2\/types\/post"}],"author":[{"embeddable":true,"href":"https:\/\/naszakrajna.org\/index.php\/wp-json\/wp\/v2\/users\/1"}],"replies":[{"embeddable":true,"href":"https:\/\/naszakrajna.org\/index.php\/wp-json\/wp\/v2\/comments?post=1062"}],"version-history":[{"count":4,"href":"https:\/\/naszakrajna.org\/index.php\/wp-json\/wp\/v2\/posts\/1062\/revisions"}],"predecessor-version":[{"id":1088,"href":"https:\/\/naszakrajna.org\/index.php\/wp-json\/wp\/v2\/posts\/1062\/revisions\/1088"}],"wp:attachment":[{"href":"https:\/\/naszakrajna.org\/index.php\/wp-json\/wp\/v2\/media?parent=1062"}],"wp:term":[{"taxonomy":"category","embeddable":true,"href":"https:\/\/naszakrajna.org\/index.php\/wp-json\/wp\/v2\/categories?post=1062"},{"taxonomy":"post_tag","embeddable":true,"href":"https:\/\/naszakrajna.org\/index.php\/wp-json\/wp\/v2\/tags?post=1062"}],"curies":[{"name":"wp","href":"https:\/\/api.w.org\/{rel}","templated":true}]}}