{"id":1053,"date":"2024-03-07T14:04:35","date_gmt":"2024-03-07T13:04:35","guid":{"rendered":"https:\/\/naszakrajna.org\/?p=1053"},"modified":"2024-03-07T14:08:12","modified_gmt":"2024-03-07T13:08:12","slug":"spotkanie-w-inkubatorze-przedsiebiorczosci-w-sepolnie-krajenskim","status":"publish","type":"post","link":"https:\/\/naszakrajna.org\/index.php\/2024\/03\/07\/spotkanie-w-inkubatorze-przedsiebiorczosci-w-sepolnie-krajenskim\/","title":{"rendered":"SPOTKANIE W INKUBATORZE PRZEDSI\u0118BIORCZO\u015aCI W S\u0118P\u00d3LNIE KRAJE\u0143SKIM"},"content":{"rendered":"\n<p>Polska Strefa Inwestycji i Pomorska Specjalna Strefa Ekonomiczna zaprasza przedsi\u0119biorc\u00f3w z powiatu s\u0119pole\u0144skiego na spotkanie, podczas kt\u00f3rego b\u0119dzie mo\u017cna dowiedzie\u0107 si\u0119 o mo\u017cliwo\u015bciach uzyskania zwolnienia z podatku dochodowego na nowe inwestycje w ramach Polskiej Strefy Inwestycji,<br>w jaki spos\u00f3b rozliczy\u0107 roczn\u0105 sk\u0142adk\u0119 zdrowotn\u0105 i jakie s\u0105 elektroniczne formy kontaktu z ZUS. W programie tak\u017ce wyst\u0105pienie kierownika biura LGD na temat \u015brodk\u00f3w na rozw\u00f3j przedsi\u0119biorczo\u015bci, kt\u00f3re zaplanowane zosta\u0142y w Lokalnej Strategii Rozwoju Stowarzyszenia NASZA KRAJNA. Program spotkania poni\u017cej, a wi\u0119cej informacji i rejestracja na stronie <a href=\"https:\/\/www.strefa.gda.pl\/wydarzenia\/140-spotkanie-dla-przedsiebiorcow-z-powiatu-sepolenskiego\" target=\"_blank\" rel=\"noopener\" title=\"\">wydarzenia<\/a>. <\/p>\n\n\n\n<figure class=\"wp-block-image size-full\"><img loading=\"lazy\" decoding=\"async\" width=\"596\" height=\"842\" src=\"https:\/\/naszakrajna.org\/wp-content\/uploads\/2024\/03\/2024.03.21-spot-przedsiebiorcy-powiatu-sepolenskiego-agenda-002.png\" alt=\"\" class=\"wp-image-1054\" srcset=\"https:\/\/naszakrajna.org\/wp-content\/uploads\/2024\/03\/2024.03.21-spot-przedsiebiorcy-powiatu-sepolenskiego-agenda-002.png 596w, https:\/\/naszakrajna.org\/wp-content\/uploads\/2024\/03\/2024.03.21-spot-przedsiebiorcy-powiatu-sepolenskiego-agenda-002-212x300.png 212w\" sizes=\"auto, (max-width: 596px) 100vw, 596px\" \/><\/figure>\n","protected":false},"excerpt":{"rendered":"<p>Polska Strefa Inwestycji i Pomorska Specjalna Strefa Ekonomiczna zaprasza przedsi\u0119biorc\u00f3w z powiatu s\u0119pole\u0144skiego na spotkanie,&#8230;<\/p>\n","protected":false},"author":1,"featured_media":0,"comment_status":"closed","ping_status":"open","sticky":true,"template":"","format":"standard","meta":{"om_disable_all_campaigns":false,"_monsterinsights_skip_tracking":false,"_monsterinsights_sitenote_active":false,"_monsterinsights_sitenote_note":"","_monsterinsights_sitenote_category":0,"footnotes":""},"categories":[1],"tags":[],"class_list":["post-1053","post","type-post","status-publish","format-standard","hentry","category-aktualnosci"],"aioseo_notices":[],"_links":{"self":[{"href":"https:\/\/naszakrajna.org\/index.php\/wp-json\/wp\/v2\/posts\/1053","targetHints":{"allow":["GET"]}}],"collection":[{"href":"https:\/\/naszakrajna.org\/index.php\/wp-json\/wp\/v2\/posts"}],"about":[{"href":"https:\/\/naszakrajna.org\/index.php\/wp-json\/wp\/v2\/types\/post"}],"author":[{"embeddable":true,"href":"https:\/\/naszakrajna.org\/index.php\/wp-json\/wp\/v2\/users\/1"}],"replies":[{"embeddable":true,"href":"https:\/\/naszakrajna.org\/index.php\/wp-json\/wp\/v2\/comments?post=1053"}],"version-history":[{"count":3,"href":"https:\/\/naszakrajna.org\/index.php\/wp-json\/wp\/v2\/posts\/1053\/revisions"}],"predecessor-version":[{"id":1059,"href":"https:\/\/naszakrajna.org\/index.php\/wp-json\/wp\/v2\/posts\/1053\/revisions\/1059"}],"wp:attachment":[{"href":"https:\/\/naszakrajna.org\/index.php\/wp-json\/wp\/v2\/media?parent=1053"}],"wp:term":[{"taxonomy":"category","embeddable":true,"href":"https:\/\/naszakrajna.org\/index.php\/wp-json\/wp\/v2\/categories?post=1053"},{"taxonomy":"post_tag","embeddable":true,"href":"https:\/\/naszakrajna.org\/index.php\/wp-json\/wp\/v2\/tags?post=1053"}],"curies":[{"name":"wp","href":"https:\/\/api.w.org\/{rel}","templated":true}]}}