{"id":1014,"date":"2024-02-22T09:06:50","date_gmt":"2024-02-22T08:06:50","guid":{"rendered":"https:\/\/naszakrajna.org\/?p=1014"},"modified":"2024-02-22T09:06:52","modified_gmt":"2024-02-22T08:06:52","slug":"podsumowanie-projektu-pilotazowego-dofinansowanego-ze-srodkow-europejskiego-funduszu-spolecznego","status":"publish","type":"post","link":"https:\/\/naszakrajna.org\/index.php\/2024\/02\/22\/podsumowanie-projektu-pilotazowego-dofinansowanego-ze-srodkow-europejskiego-funduszu-spolecznego\/","title":{"rendered":"PODSUMOWANIE PROJEKTU PILOTA\u017bOWEGO DOFINANSOWANEGO ZE \u015aRODK\u00d3W EUROPEJSKIEGO FUNDUSZU SPO\u0141ECZNEGO"},"content":{"rendered":"\n<p>13 lutego 2024 r. w Sali konferencyjnej Centrum Aktywno\u015bci Spo\u0142ecznej podsumowali\u015bmy projekt <strong><em>\u201eAktywizacja spo\u0142eczno\u015bci lokalnej na terenie dzia\u0142ania Lokalnej Grupy Dzia\u0142ania Stowarzyszenia NASZA KRAJNA\u201d <\/em><\/strong>realizowanego w ramach Regionalnego Programu Operacyjnego Wojew\u00f3dztwa Kujawsko-Pomorskiego na lata 2014-2020 finansowanego ze \u015brodk\u00f3w Europejskiego Funduszu Spo\u0142ecznego. Kwota dofinansowania projektu to 402.282,50 z\u0142. Projekt realizowany by\u0142 w okresie kwiecie\u0144 \u2013 pa\u017adziernik 2023 r., a wzi\u0119\u0142o w nim udzia\u0142 a\u017c 498 uczestnik\u00f3w. Stowarzyszenie NASZA KRAJNA serdecznie dzi\u0119kuje uczestnikom za udzia\u0142 w projekcie oraz przedstawicielom organizacji i instytucji, za pomoc w prawid\u0142owej realizacji projektu. W szczeg\u00f3lno\u015bci dzi\u0119kujemy: <strong>Ochotniczej Stra\u017cy Po\u017carnej im. Druha Aleksandra Brandta w S\u0119p\u00f3lnie Kraje\u0144skim, Gminnemu Klubowi Sportowemu Fuks Wielowicz, Ko\u0142u Gospody\u0144 Wiejskich Wielowicz, Oddzia\u0142owi Powiatowemu Zwi\u0105zku Ochotniczych Stra\u017cy Po\u017carnych RP w S\u0119p\u00f3lnie Kraje\u0144skim, Stowarzyszeniu Krajka Wi\u0119cbork, Zwi\u0105zkowi Harcerstwa Polskiego \u2013Szczep Wi\u0119cborskich Dru\u017cyn Harcerskich \u201eAUREA TRIA\u201d, Miejsko-Gminnemu O\u015brodkowi Pomocy Spo\u0142ecznej w Wi\u0119cborku, Miejsko-Gminnemu O\u015brodkowi Pomocy Spo\u0142ecznej w Kamieniu Kraje\u0144skim, Miejsko-Gminnemu O\u015brodkowi Kultury w Kamieniu Kraje\u0144skim, Ireneuszowi Bonie wraz ze Srebrnymi Nutami i Ch\u00f3rem w Kamieniu Kraje\u0144skim, Centrum Kultury i Sztuki w S\u0119p\u00f3lnie Kraje\u0144skim, Bibliotece-Domowi Kultury w So\u015bnie, Agnieszce Seydak z Wa\u0142dowa.<\/strong><\/p>\n\n\n\n<figure class=\"wp-block-image size-large\"><img loading=\"lazy\" decoding=\"async\" width=\"1024\" height=\"682\" src=\"https:\/\/naszakrajna.org\/wp-content\/uploads\/2024\/02\/DSC_1549-1024x682.jpg\" alt=\"\" class=\"wp-image-1015\" srcset=\"https:\/\/naszakrajna.org\/wp-content\/uploads\/2024\/02\/DSC_1549-1024x682.jpg 1024w, https:\/\/naszakrajna.org\/wp-content\/uploads\/2024\/02\/DSC_1549-300x200.jpg 300w, https:\/\/naszakrajna.org\/wp-content\/uploads\/2024\/02\/DSC_1549-768x512.jpg 768w, https:\/\/naszakrajna.org\/wp-content\/uploads\/2024\/02\/DSC_1549.jpg 1526w\" sizes=\"auto, (max-width: 1024px) 100vw, 1024px\" \/><\/figure>\n\n\n\n<p>Wi\u0119cej zdj\u0119\u0107 w<a href=\"https:\/\/naszakrajna.org\/index.php\/galeria\/\" target=\"_blank\" rel=\"noopener\" title=\"\"> Galerii.<\/a><\/p>\n","protected":false},"excerpt":{"rendered":"<p>13 lutego 2024 r. w Sali konferencyjnej Centrum Aktywno\u015bci Spo\u0142ecznej podsumowali\u015bmy projekt \u201eAktywizacja spo\u0142eczno\u015bci lokalnej&#8230;<\/p>\n","protected":false},"author":1,"featured_media":0,"comment_status":"closed","ping_status":"open","sticky":true,"template":"","format":"standard","meta":{"om_disable_all_campaigns":false,"_monsterinsights_skip_tracking":false,"_monsterinsights_sitenote_active":false,"_monsterinsights_sitenote_note":"","_monsterinsights_sitenote_category":0,"footnotes":""},"categories":[1],"tags":[],"class_list":["post-1014","post","type-post","status-publish","format-standard","hentry","category-aktualnosci"],"aioseo_notices":[],"_links":{"self":[{"href":"https:\/\/naszakrajna.org\/index.php\/wp-json\/wp\/v2\/posts\/1014","targetHints":{"allow":["GET"]}}],"collection":[{"href":"https:\/\/naszakrajna.org\/index.php\/wp-json\/wp\/v2\/posts"}],"about":[{"href":"https:\/\/naszakrajna.org\/index.php\/wp-json\/wp\/v2\/types\/post"}],"author":[{"embeddable":true,"href":"https:\/\/naszakrajna.org\/index.php\/wp-json\/wp\/v2\/users\/1"}],"replies":[{"embeddable":true,"href":"https:\/\/naszakrajna.org\/index.php\/wp-json\/wp\/v2\/comments?post=1014"}],"version-history":[{"count":1,"href":"https:\/\/naszakrajna.org\/index.php\/wp-json\/wp\/v2\/posts\/1014\/revisions"}],"predecessor-version":[{"id":1016,"href":"https:\/\/naszakrajna.org\/index.php\/wp-json\/wp\/v2\/posts\/1014\/revisions\/1016"}],"wp:attachment":[{"href":"https:\/\/naszakrajna.org\/index.php\/wp-json\/wp\/v2\/media?parent=1014"}],"wp:term":[{"taxonomy":"category","embeddable":true,"href":"https:\/\/naszakrajna.org\/index.php\/wp-json\/wp\/v2\/categories?post=1014"},{"taxonomy":"post_tag","embeddable":true,"href":"https:\/\/naszakrajna.org\/index.php\/wp-json\/wp\/v2\/tags?post=1014"}],"curies":[{"name":"wp","href":"https:\/\/api.w.org\/{rel}","templated":true}]}}