{"id":1009,"date":"2023-12-18T12:18:19","date_gmt":"2023-12-18T11:18:19","guid":{"rendered":"https:\/\/naszakrajna.org\/?p=1009"},"modified":"2023-12-18T13:01:31","modified_gmt":"2023-12-18T12:01:31","slug":"powiatowa-wystawa-stolow-wigilijnych-kamien-krajenski-16-grudnia-2023-r","status":"publish","type":"post","link":"https:\/\/naszakrajna.org\/index.php\/2023\/12\/18\/powiatowa-wystawa-stolow-wigilijnych-kamien-krajenski-16-grudnia-2023-r\/","title":{"rendered":"Powiatowa Wystawa Sto\u0142\u00f3w Wigilijnych, Kamie\u0144\u00a0 Kraje\u0144ski 16 grudnia 2023 r."},"content":{"rendered":"\n<p>W sobot\u0119 16 grudnia 2023 roku na Hali Sportowej w Kamieniu Kraje\u0144skim, odby\u0142a si\u0119 coroczna Powiatowa Wystawa Kraje\u0144skich Sto\u0142\u00f3w Wigilijnych. Wraz z powiatem s\u0119pole\u0144skim i Gospodarzem Gmin\u0105 Kamie\u0144 Kraje\u0144ski Stowarzyszenie NASZA KRAJNA by\u0142o wsp\u00f3\u0142organizatorem wydarzenia.\u00a0Celem uroczysto\u015bci by\u0142a promocja kultury i tradycji \u015awi\u0105t Bo\u017cego Narodzenia. Spotkanie mia\u0142o charakter wystawy tradycyjnych Kraje\u0144skich Sto\u0142\u00f3w Wigilijnych po\u0142\u0105czonej z degustacj\u0105 lokalnych produkt\u00f3w charakterystycznych dla \u015bwi\u0105t Bo\u017cego Narodzenia. Wystawie sto\u0142\u00f3w towarzyszy\u0142a prezentacja ozd\u00f3b i stroik\u00f3w \u015bwi\u0105tecznych oraz wyst\u0119py artystyczne dzieci i wsp\u00f3lne kol\u0119dowanie. Pokazow\u0105\u00a0 aran\u017cacj\u0119 sto\u0142u wigilijnego zaprezentowali przedstawiciele Domu Pomocy Spo\u0142ecznej w Kamieniu Kraje\u0144skim. Betlejemskie \u015bwiate\u0142ko pokoju w\u0142odarzom przekazali harcerze\u00a0 3 Szczepu Wi\u0119cborskich Dru\u017cyn Harcerskich \u201eAUREA TRIA\u201d &#8211;\u00a0 kamie\u0144skie \u201eSoko\u0142y\u201d. W trakcie uroczysto\u015bci mo\u017cna by\u0142o naby\u0107 r\u0119cznie wykonane ozdoby \u015bwi\u0105teczne wykonane przez lokalnych tw\u00f3rc\u00f3w, panie z k\u00f3\u0142 gospody\u0144 wiejskich, dom\u00f3w pomocy spo\u0142ecznej oraz ko\u0142a rob\u00f3tek r\u0119cznych przy bibliotece publicznej w Kamieniu Kraje\u0144skim. Wydarzenie mia\u0142o charakter og\u00f3lnodost\u0119pny i nieodp\u0142atny. Tradycyjnie, Ko\u0142a Gospody\u0144 Wiejskich, szko\u0142y z terenu powiatu, Domy Pomocy Spo\u0142ecznej przygotowa\u0142y mn\u00f3stwo przepysznych da\u0144 i potraw zwi\u0105zanych ze \u015bwi\u0119tami Bo\u017cego Narodzenia. Tym razem gmin\u0119 Kamie\u0144 Kraje\u0144ski reprezentowa\u0142o Ko\u0142o Gospody\u0144 Wiejskich Obkas oraz D\u0105br\u00f3wka, gmin\u0119 S\u0119p\u00f3lno Kraje\u0144skie\u00a0\u2013\u00a0Ko\u0142o Gospody\u0144 Wiejskich Lut\u00f3wko, gmin\u0119 Wi\u0119cbork\u00a0\u2013\u00a0Ko\u0142o Gospody\u0144 Wiejskich Jele\u0144 oraz\u00a0Dom Pomocy Spo\u0142ecznej w Suchor\u0105czku, a gmin\u0119 So\u015bno\u00a0\u2013\u00a0Ko\u0142o Gospody\u0144 Wiejskich Mierucin. Na uroczystych sto\u0142ach nie brakowa\u0142o smacznie przyrz\u0105dzonych i pi\u0119knie przystrojonych potraw \u015bwi\u0105tecznych. Kr\u00f3lowa\u0142 tradycyjny barszcz czerwony z uszkami, pierogi z kapust\u0105 i grzybami, ryby, paszteciki oraz krokiety. Dzi\u0119kujemy wszystkim za przybycie i wsp\u00f3lne \u015bwi\u0119towanie. <\/p>\n\n\n\n<p>Zdj\u0119cia z wydarzenia mo\u017cna obejrze\u0107 w <a href=\"https:\/\/naszakrajna.org\/index.php\/galeria\/\" title=\"Galeria\">Galerii.<\/a><\/p>\n","protected":false},"excerpt":{"rendered":"<p>W sobot\u0119 16 grudnia 2023 roku na Hali Sportowej w Kamieniu Kraje\u0144skim, odby\u0142a si\u0119 coroczna&#8230;<\/p>\n","protected":false},"author":1,"featured_media":0,"comment_status":"closed","ping_status":"open","sticky":false,"template":"","format":"standard","meta":{"om_disable_all_campaigns":false,"_monsterinsights_skip_tracking":false,"_monsterinsights_sitenote_active":false,"_monsterinsights_sitenote_note":"","_monsterinsights_sitenote_category":0,"footnotes":""},"categories":[1],"tags":[],"class_list":["post-1009","post","type-post","status-publish","format-standard","hentry","category-aktualnosci"],"aioseo_notices":[],"_links":{"self":[{"href":"https:\/\/naszakrajna.org\/index.php\/wp-json\/wp\/v2\/posts\/1009","targetHints":{"allow":["GET"]}}],"collection":[{"href":"https:\/\/naszakrajna.org\/index.php\/wp-json\/wp\/v2\/posts"}],"about":[{"href":"https:\/\/naszakrajna.org\/index.php\/wp-json\/wp\/v2\/types\/post"}],"author":[{"embeddable":true,"href":"https:\/\/naszakrajna.org\/index.php\/wp-json\/wp\/v2\/users\/1"}],"replies":[{"embeddable":true,"href":"https:\/\/naszakrajna.org\/index.php\/wp-json\/wp\/v2\/comments?post=1009"}],"version-history":[{"count":2,"href":"https:\/\/naszakrajna.org\/index.php\/wp-json\/wp\/v2\/posts\/1009\/revisions"}],"predecessor-version":[{"id":1012,"href":"https:\/\/naszakrajna.org\/index.php\/wp-json\/wp\/v2\/posts\/1009\/revisions\/1012"}],"wp:attachment":[{"href":"https:\/\/naszakrajna.org\/index.php\/wp-json\/wp\/v2\/media?parent=1009"}],"wp:term":[{"taxonomy":"category","embeddable":true,"href":"https:\/\/naszakrajna.org\/index.php\/wp-json\/wp\/v2\/categories?post=1009"},{"taxonomy":"post_tag","embeddable":true,"href":"https:\/\/naszakrajna.org\/index.php\/wp-json\/wp\/v2\/tags?post=1009"}],"curies":[{"name":"wp","href":"https:\/\/api.w.org\/{rel}","templated":true}]}}